{"id":263709,"date":"2025-07-21T16:06:10","date_gmt":"2025-07-21T16:06:10","guid":{"rendered":"https:\/\/www.europesays.com\/fr\/263709\/"},"modified":"2025-07-21T16:06:10","modified_gmt":"2025-07-21T16:06:10","slug":"midi-olympique-juge-le-recrutement-du-rugby-club-toulonnais-ambitieux-prometteur-audacieux","status":"publish","type":"post","link":"https:\/\/www.europesays.com\/fr\/263709\/","title":{"rendered":"Midi Olympique juge le recrutement du Rugby Club Toulonnais : \u00ab\u00a0Ambitieux, prometteur, audacieux\u00a0\u00bb"},"content":{"rendered":"<p>Le RCT continue de b\u00e2tir avec ambition.<\/p>\n<p>S\u2019il a vu plusieurs joueurs majeurs quitter le navire, le club varois a \u00e9galement \u00e9t\u00e9 pr\u00e9sent sur le march\u00e9 des transferts.<\/p>\n<p>R\u00e9sultat : un effectif renouvel\u00e9, jeune, mais encadr\u00e9 par des cadres fid\u00e8les au poste conclue Midi Olympique dans ses colonnes.<\/p>\n<p>\u00c0 Toulon, l\u2019\u00e9t\u00e9 n\u2019a pas \u00e9t\u00e9 synonyme de rel\u00e2chement. Un chantier de renouvellement men\u00e9 avec coh\u00e9rence, pour un club qui vise encore les sommets du Top 14.<\/p>\n<p>Le d\u00e9part de Facundo Isa vers la Section Paloise a notamment \u00e9t\u00e9 compens\u00e9 par l\u2019arriv\u00e9e de l\u2019Anglais Zach Mercer. De retour en France, l\u2019ancien Montpelli\u00e9rain s\u2019\u00e9tait impos\u00e9 comme l\u2019un des meilleurs num\u00e9ros 8 du championnat, guidant le MHR vers son premier Bouclier de Brennus en 2022. Son retour est une promesse de puissance et de r\u00e9gularit\u00e9.<\/p>\n<p>Pour pallier le d\u00e9part du demi d\u2019ouverture gallois Dan Biggar, en fin de parcours, Toulon a mis\u00e9 sur l\u2019avenir en s\u2019attachant les services de Matt\u00e9o Garcia. \u00c0 22 ans, le jeune ouvreur tricolore n\u2019a pas encore tout prouv\u00e9, mais son potentiel est r\u00e9el, \u00e0 condition de gagner en constance.<\/p>\n<p>Autre remplacement marquant, celui du centre n\u00e9o-z\u00e9landais Leicester Fainga\u2019anuku, reparti chez les Crusaders. Le RCT a fait le pari Ignacio Brex, centre international italien r\u00e9put\u00e9 travailleur, mais au palmar\u00e8s plus modeste. Un profil \u00e0 la fois sobre et intelligent, qui pourrait surprendre et s\u2019affirmer dans un collectif solide.<\/p>\n<p>Le d\u00e9part jug\u00e9 le plus pr\u00e9judiciable est sans doute celui de Jiuta Wainiqolo, d\u00e9sormais au Lou. Pour le remplacer, Toulon a flair\u00e9 la bonne affaire en enr\u00f4lant Mathis Fert\u00e9. R\u00e9v\u00e9lation \u00e0 Brive, l\u2019ailier de 21 ans s\u00e9duit par sa polyvalence : il peut \u00e9voluer aussi bien \u00e0 l\u2019aile, qu\u2019\u00e0 l\u2019arri\u00e8re ou m\u00eame \u00e0 la m\u00eal\u00e9e.<\/p>\n<p>\u00c0 cela s\u2019ajoute une recrue d\u2019avenir : Patrick Tuifua. Le troisi\u00e8me ligne des Bleuets, que le club a r\u00e9ussi \u00e0 attirer malgr\u00e9 les convoitises n\u00e9o-z\u00e9landaises, incarne parfaitement la nouvelle strat\u00e9gie du RCT : jeunesse, engagement, potentiel.<\/p>\n<p>Le groupe Espoirs n\u2019a pas \u00e9t\u00e9 oubli\u00e9. Treize d\u00e9parts pour onze arriv\u00e9es : un renouvellement cibl\u00e9, pens\u00e9 dans la dur\u00e9e.<\/p>\n<p>Mais la plus grande r\u00e9ussite de cette intersaison reste la conservation des cadres estime le bi-hebdomadaire: Baubigny, Abadie, Ivaldi, Priso, Alainu\u2019uese, Halagahu, Sinzelle, Tuicuvu ou encore Domon seront toujours l\u00e0 pour assurer l\u2019ossature du groupe et guider les jeunes pousses.<\/p>\n<p>Dans un Top 14 de plus en plus concurrentiel, cette continuit\u00e9, conjugu\u00e9e \u00e0 des recrutements audacieux, devrait permettre \u00e0 Toulon de garder sa place dans le haut du tableau.<\/p>\n<p>L\u2019ambition reste intacte sur la Rade.<\/p>\n","protected":false},"excerpt":{"rendered":"Le RCT continue de b\u00e2tir avec ambition. S\u2019il a vu plusieurs joueurs majeurs quitter le navire, le club&hellip;\n","protected":false},"author":2,"featured_media":209860,"comment_status":"","ping_status":"","sticky":false,"template":"","format":"standard","meta":{"footnotes":""},"categories":[1416],"tags":[1011,27,479,1468,60],"class_list":{"0":"post-263709","1":"post","2":"type-post","3":"status-publish","4":"format-standard","5":"has-post-thumbnail","7":"category-rugby","8":"tag-fr","9":"tag-france","10":"tag-rugby","11":"tag-rugby-football","12":"tag-sports"},"share_on_mastodon":{"url":"https:\/\/pubeurope.com\/@fr\/114892084598288832","error":""},"_links":{"self":[{"href":"https:\/\/www.europesays.com\/fr\/wp-json\/wp\/v2\/posts\/263709","targetHints":{"allow":["GET"]}}],"collection":[{"href":"https:\/\/www.europesays.com\/fr\/wp-json\/wp\/v2\/posts"}],"about":[{"href":"https:\/\/www.europesays.com\/fr\/wp-json\/wp\/v2\/types\/post"}],"author":[{"embeddable":true,"href":"https:\/\/www.europesays.com\/fr\/wp-json\/wp\/v2\/users\/2"}],"replies":[{"embeddable":true,"href":"https:\/\/www.europesays.com\/fr\/wp-json\/wp\/v2\/comments?post=263709"}],"version-history":[{"count":0,"href":"https:\/\/www.europesays.com\/fr\/wp-json\/wp\/v2\/posts\/263709\/revisions"}],"wp:featuredmedia":[{"embeddable":true,"href":"https:\/\/www.europesays.com\/fr\/wp-json\/wp\/v2\/media\/209860"}],"wp:attachment":[{"href":"https:\/\/www.europesays.com\/fr\/wp-json\/wp\/v2\/media?parent=263709"}],"wp:term":[{"taxonomy":"category","embeddable":true,"href":"https:\/\/www.europesays.com\/fr\/wp-json\/wp\/v2\/categories?post=263709"},{"taxonomy":"post_tag","embeddable":true,"href":"https:\/\/www.europesays.com\/fr\/wp-json\/wp\/v2\/tags?post=263709"}],"curies":[{"name":"wp","href":"https:\/\/api.w.org\/{rel}","templated":true}]}}