{"id":263710,"date":"2025-07-21T16:07:14","date_gmt":"2025-07-21T16:07:14","guid":{"rendered":"https:\/\/www.europesays.com\/fr\/263710\/"},"modified":"2025-07-21T16:07:14","modified_gmt":"2025-07-21T16:07:14","slug":"atp-nadal-na-pas-gagne-24-fois-contre-federer-parce-que-le-revers-de-roger-etait-mauvais-rafa-a-detruit-tous-les-joueurs-droitiers-avec-un-revers-a-une-main-wawrinka-dimitrov-gasquet-tsitsip","status":"publish","type":"post","link":"https:\/\/www.europesays.com\/fr\/263710\/","title":{"rendered":"ATP > \u00ab\u00a0Nadal n&rsquo;a pas gagn\u00e9 24 fois contre Federer parce que le revers de Roger \u00e9tait mauvais. Rafa a d\u00e9truit tous les joueurs droitiers avec un revers \u00e0 une main : Wawrinka, Dimitrov, Gasquet, Tsitsipas\u00a0\u00bb, estime Jos\u00e9 Moron"},"content":{"rendered":"<p>Grand d\u00e9fen\u00adseur de Rafael Nadal, confr\u00e8re espa\u00adgnol, Jos\u00e9 Moron, a cette fois pris la d\u00e9fense de Roger Federer.\u00a0<\/p>\n<p>Alors qu\u2019un inter\u00adnaute atta\u00adquait l\u2019an\u00adcien joueur suisse sur son plus gros d\u00e9faut (son revers \u00e0 une main), notam\u00adment lors de ses rencontres face au Majorquin, le jour\u00adna\u00adliste a tenu \u00e0 lui rappeler quelques faits.\u00a0<\/p>\n<blockquote class=\"twitter-tweet\">\n<p lang=\"es\" dir=\"ltr\">Nadal ha DESTROZADO a todos los juga\u00addores dies\u00adtros con rev\u00e9s a una mano.<\/p>\n<p>Ha ganado 24 a Roger, 19 a Wawrinka, 14 a Dimitrov, 18 a Gasquet, 7 a Stefanos\u2026<\/p>\n<p>No hac\u00eda eso porque el rev\u00e9s de Roger fuese malo, sino que, por su drive liftado, conse\u00adgu\u00eda mucha ventaja as\u00ed. <a href=\"https:\/\/t.co\/oIVqF5PTx9\" data-wpel-link=\"external\" target=\"_blank\" rel=\"nofollow external noopener\">https:\/\/t.co\/oIVqF5PTx9<\/a><\/p>\n<p>\u2014 Jos\u00e9 Mor\u00f3n (@jmgmoron) <a href=\"https:\/\/twitter.com\/jmgmoron\/status\/1946291462477316605?ref_src=twsrc%5Etfw\" data-wpel-link=\"external\" target=\"_blank\" rel=\"nofollow external noopener\">July 18,\u00a02025<\/a><\/p><\/blockquote>\n<p><strong>\u00ab\u202fNadal a d\u00e9truit tous les joueurs droi\u00adtiers avec un revers \u00e0 une main. Il a gagn\u00e9 24 fois contre Federer, 19 contre Wawrinka, 14 contre Dimitrov, 18 contre Gasquet, 7 contre Tsitsipas. Il ne l\u2019a pas fait parce que le revers de Roger \u00e9tait mauvais, mais \u00e0 cause de son coup droit lift\u00e9, il a gagn\u00e9 beau\u00adcoup d\u2019avan\u00adtage de cette fa\u00e7on\u202f\u00bb<\/strong>, a \u00e9crit Moron qui risque de mettre tout le monde d\u2019accord.\u00a0<\/p>\n<p class=\"post-published-date\" style=\"color: silver; font-size: 75%; text-align: left;\">Publi\u00e9 le lundi 21 juillet 2025 \u00e0 16:46<\/p>\n<p><script async src=\"https:\/\/platform.twitter.com\/widgets.js\" charset=\"utf-8\"><\/script><\/p>\n","protected":false},"excerpt":{"rendered":"Grand d\u00e9fen\u00adseur de Rafael Nadal, confr\u00e8re espa\u00adgnol, Jos\u00e9 Moron, a cette fois pris la d\u00e9fense de Roger Federer.\u00a0&hellip;\n","protected":false},"author":2,"featured_media":263711,"comment_status":"","ping_status":"","sticky":false,"template":"","format":"standard","meta":{"footnotes":""},"categories":[1415],"tags":[6580,2199,1011,27,1753,1960,60,1754,1467,5443],"class_list":{"0":"post-263710","1":"post","2":"type-post","3":"status-publish","4":"format-standard","5":"has-post-thumbnail","7":"category-tennis","8":"tag-dimitrov","9":"tag-federer","10":"tag-fr","11":"tag-france","12":"tag-gasquet","13":"tag-nadal","14":"tag-sports","15":"tag-stan-wawrinka","16":"tag-tennis","17":"tag-tsitsipas"},"share_on_mastodon":{"url":"https:\/\/pubeurope.com\/@fr\/114892088507811047","error":""},"_links":{"self":[{"href":"https:\/\/www.europesays.com\/fr\/wp-json\/wp\/v2\/posts\/263710","targetHints":{"allow":["GET"]}}],"collection":[{"href":"https:\/\/www.europesays.com\/fr\/wp-json\/wp\/v2\/posts"}],"about":[{"href":"https:\/\/www.europesays.com\/fr\/wp-json\/wp\/v2\/types\/post"}],"author":[{"embeddable":true,"href":"https:\/\/www.europesays.com\/fr\/wp-json\/wp\/v2\/users\/2"}],"replies":[{"embeddable":true,"href":"https:\/\/www.europesays.com\/fr\/wp-json\/wp\/v2\/comments?post=263710"}],"version-history":[{"count":0,"href":"https:\/\/www.europesays.com\/fr\/wp-json\/wp\/v2\/posts\/263710\/revisions"}],"wp:featuredmedia":[{"embeddable":true,"href":"https:\/\/www.europesays.com\/fr\/wp-json\/wp\/v2\/media\/263711"}],"wp:attachment":[{"href":"https:\/\/www.europesays.com\/fr\/wp-json\/wp\/v2\/media?parent=263710"}],"wp:term":[{"taxonomy":"category","embeddable":true,"href":"https:\/\/www.europesays.com\/fr\/wp-json\/wp\/v2\/categories?post=263710"},{"taxonomy":"post_tag","embeddable":true,"href":"https:\/\/www.europesays.com\/fr\/wp-json\/wp\/v2\/tags?post=263710"}],"curies":[{"name":"wp","href":"https:\/\/api.w.org\/{rel}","templated":true}]}}