{"id":263712,"date":"2025-07-21T16:08:28","date_gmt":"2025-07-21T16:08:28","guid":{"rendered":"https:\/\/www.europesays.com\/fr\/263712\/"},"modified":"2025-07-21T16:08:28","modified_gmt":"2025-07-21T16:08:28","slug":"tirage-au-sort-des-16e-de-finale","status":"publish","type":"post","link":"https:\/\/www.europesays.com\/fr\/263712\/","title":{"rendered":"Tirage au sort des 16e de finale"},"content":{"rendered":"<p>                            <img decoding=\"async\" class=\"img-fluid thumbnail__news\" src=\"https:\/\/www.europesays.com\/fr\/wp-content\/uploads\/2025\/07\/6952b528-d0df-44e5-8b9e-9659a3ec90a5.jpg\" alt=\"Tirage au sort des 16e de finale\"\/><br \/>\n                                                        Le Pr\u00e9sident de la Commission Comp\u00e9tition de la FFBB, Alain Salmon a effectu\u00e9 ce jeudi le tirage au sort des 16e de finale de la Coupe de France, Troph\u00e9e Robert Busnel. Ce tour sera marqu\u00e9 notamment par le le choc entre deux \u00e9quipes de Betclic Elite, la JDA Dijon et le BCM Gravelines.<\/p>\n<p>Les 16e de finale de la Coupe de France, Troph\u00e9e Robert Busnel auront lieu le mercredi 13 novembre prochain \u00e0 20h00, 3 \u00e9quipes de NM1, 7 de Pro B et 6 de Betclic Elite participeront \u00e0 ce tour.<\/p>\n<p>Programme des 16e de finale<br \/>Mercredi 13 novemmbre \u00e0 20h00<br \/>Aix-Maurienne (Pro B) &#8211; Poitiers (Pro B)<br \/>Levallois (NM1) &#8211; Tours (NM1)<br \/>Pau-Lacq-Orthez (Pro B, +7) &#8211; Strasbourg (Betclic Elite)<br \/>Quimper (NM1, +7) &#8211; Blois (Pro B)<br \/>Roanne (Pro B, +7) &#8211; La Rochelle (Betclic Elite)<br \/>ASA Basket (Pro B, +7) &#8211; Chalon-sur-Sa\u00f4ne (Betclic Elite)<br \/>Hy\u00e8res-Toulon (Pro B, +7) &#8211; Le Mans (Betclic Elite)<br \/>Dijon (Betclic Elite) &#8211; Gravelines-Dunkerque (Betclic Elite)<\/p>\n","protected":false},"excerpt":{"rendered":"Le Pr\u00e9sident de la Commission Comp\u00e9tition de la FFBB, Alain Salmon a effectu\u00e9 ce jeudi le tirage au&hellip;\n","protected":false},"author":2,"featured_media":263713,"comment_status":"","ping_status":"","sticky":false,"template":"","format":"standard","meta":{"footnotes":""},"categories":[1414],"tags":[1465,1464,1011,27,60],"class_list":{"0":"post-263712","1":"post","2":"type-post","3":"status-publish","4":"format-standard","5":"has-post-thumbnail","7":"category-basket","8":"tag-basket","9":"tag-basketball","10":"tag-fr","11":"tag-france","12":"tag-sports"},"share_on_mastodon":{"url":"https:\/\/pubeurope.com\/@fr\/114892092649284502","error":""},"_links":{"self":[{"href":"https:\/\/www.europesays.com\/fr\/wp-json\/wp\/v2\/posts\/263712","targetHints":{"allow":["GET"]}}],"collection":[{"href":"https:\/\/www.europesays.com\/fr\/wp-json\/wp\/v2\/posts"}],"about":[{"href":"https:\/\/www.europesays.com\/fr\/wp-json\/wp\/v2\/types\/post"}],"author":[{"embeddable":true,"href":"https:\/\/www.europesays.com\/fr\/wp-json\/wp\/v2\/users\/2"}],"replies":[{"embeddable":true,"href":"https:\/\/www.europesays.com\/fr\/wp-json\/wp\/v2\/comments?post=263712"}],"version-history":[{"count":0,"href":"https:\/\/www.europesays.com\/fr\/wp-json\/wp\/v2\/posts\/263712\/revisions"}],"wp:featuredmedia":[{"embeddable":true,"href":"https:\/\/www.europesays.com\/fr\/wp-json\/wp\/v2\/media\/263713"}],"wp:attachment":[{"href":"https:\/\/www.europesays.com\/fr\/wp-json\/wp\/v2\/media?parent=263712"}],"wp:term":[{"taxonomy":"category","embeddable":true,"href":"https:\/\/www.europesays.com\/fr\/wp-json\/wp\/v2\/categories?post=263712"},{"taxonomy":"post_tag","embeddable":true,"href":"https:\/\/www.europesays.com\/fr\/wp-json\/wp\/v2\/tags?post=263712"}],"curies":[{"name":"wp","href":"https:\/\/api.w.org\/{rel}","templated":true}]}}