{"id":263714,"date":"2025-07-21T16:09:09","date_gmt":"2025-07-21T16:09:09","guid":{"rendered":"https:\/\/www.europesays.com\/fr\/263714\/"},"modified":"2025-07-21T16:09:09","modified_gmt":"2025-07-21T16:09:09","slug":"motogp-cest-une-bonne-nouvelle-pour-quartararo-qui-a-enfin-pris-du-plaisir-malgre-une-p6","status":"publish","type":"post","link":"https:\/\/www.europesays.com\/fr\/263714\/","title":{"rendered":"MotoGP C&rsquo;est une bonne nouvelle pour Quartararo, qui a ENFIN pris du plaisir, malgr\u00e9 une P6 !"},"content":{"rendered":"<p>Terminer sixi\u00e8me d\u2019un Grand-Prix de MotoGP, lorsque l\u2019on s\u2019est qualifi\u00e9 en premi\u00e8re ligne ne peut \u00eatre satisfaisant. Surtout quand on est champion du monde\u2026Toutefois, contrairement au pr\u00e9c\u00e9dent week-end (Sachsenring) de course, Fabio Quartararo aura \u00e9prouv\u00e9 du plaisir, ce qui constitue d\u00e9j\u00e0 un certain pas en avant. En effet, de nouveaux r\u00e9glages ont \u00e9t\u00e9 mis en place, dimanche matin au warm-up. Et de toute \u00e9vidence, ils conviennent mieux au tricolore\u2026<\/p>\n<p>MotoGP : une pause salvatrice pour l\u2019ensemble des effectifs de Yamaha<\/p>\n<p>Sixi\u00e8me de l\u2019\u00e9preuve principale, \u00e0 Brno, le Fran\u00e7ais semblait tout de m\u00eame satisfait, probablement aid\u00e9 par son d\u00e9part imminent en vacances, qui lui permettra de se ressourcer pour revenir plus fort, \u00e0 la rentr\u00e9e, en Autriche.<\/p>\n<p>\u201cLa course a \u00e9t\u00e9 plus difficile que pr\u00e9vu\u201c, a confirm\u00e9 Massimo Meregali, dimanche soir, peu de temps apr\u00e8s l\u2019arriv\u00e9e de ses pilotes. \u201cFabio a de nouveau pris un bon d\u00e9part, mais n\u2019a pas pu d\u00e9fendre sa position face \u00e0 ses poursuivants. Il a n\u00e9anmoins fait preuve d\u2019une concentration remarquable et a maintenu une certaine r\u00e9gularit\u00e9 \u2013 son rythme s\u2019acc\u00e9l\u00e9rant m\u00eame en fin de course \u2013 pour terminer la course \u00e0 la sixi\u00e8me place. \u00c1lex s\u2019est de nouveau battu dans un peloton serr\u00e9, et la course a \u00e9t\u00e9 difficile. Son mauvais r\u00e9sultat en qualifications ce week-end a rendu le sprint et la course tr\u00e8s difficiles pour lui.<\/p>\n<blockquote class=\"twitter-tweet\">\n<p dir=\"ltr\" lang=\"en\">\ud83d\udcf0 Monster Energy Yamaha MotoGP Collect Championship Points in Czech GP<\/p>\n<p>\ud83d\udd17 <a href=\"https:\/\/t.co\/CK0U0fxwLj\">https:\/\/t.co\/CK0U0fxwLj<\/a><a href=\"https:\/\/twitter.com\/hashtag\/MonsterYamaha?src=hash&amp;ref_src=twsrc%5Etfw\" target=\"_blank\" rel=\"noopener\">#MonsterYamaha<\/a> | <a href=\"https:\/\/twitter.com\/hashtag\/YamahaMotoGP?src=hash&amp;ref_src=twsrc%5Etfw\" target=\"_blank\" rel=\"noopener\">#YamahaMotoGP<\/a> | <a href=\"https:\/\/twitter.com\/hashtag\/YamahaFactoryRacing?src=hash&amp;ref_src=twsrc%5Etfw\" target=\"_blank\" rel=\"noopener\">#YamahaFactoryRacing<\/a> | <a href=\"https:\/\/twitter.com\/hashtag\/MotoGP?src=hash&amp;ref_src=twsrc%5Etfw\" target=\"_blank\" rel=\"noopener\">#MotoGP<\/a> | <a href=\"https:\/\/twitter.com\/hashtag\/CzechGP?src=hash&amp;ref_src=twsrc%5Etfw\" target=\"_blank\" rel=\"noopener\">#CzechGP<\/a> <a href=\"https:\/\/t.co\/9rd4I5Hljy\">pic.twitter.com\/9rd4I5Hljy<\/a><\/p>\n<p>\u2014 Monster Energy Yamaha MotoGP (@YamahaMotoGP) <a href=\"https:\/\/twitter.com\/YamahaMotoGP\/status\/1946963505111806384?ref_src=twsrc%5Etfw\" target=\"_blank\" rel=\"noopener\">July 20, 2025<\/a><\/p>\n<\/blockquote>\n<p>Bien que ce r\u00e9sultat ne soit \u00e9videmment pas tout \u00e0 fait celui que nous esp\u00e9rions, nous allons analyser les donn\u00e9es d\u2019aujourd\u2019hui et nous pr\u00e9parer \u00e0 revenir plus forts pour la prochaine manche. Mais d\u2019abord, les pilotes et les membres de l\u2019\u00e9quipe profiteront de quelques semaines de repos pour se ressourcer pleinement avant la seconde moiti\u00e9 de la saison 2025.\u201d, concluait l\u2019Italien, qui compte lui aussi sur la pause estivale pour que son Team trouve un second souffle.<\/p>\n<p>\u00ab Ma course \u00e9tait similaire \u00e0 celle d\u2019hier\u201c, confirmait Fabio Quartararo, au terme du Grand-Prix de Tch\u00e9quie de MotoGP, apr\u00e8s le drapeau \u00e0 damier. \u201cLes cinq premiers tours sont compliqu\u00e9s pour nous. Nous avons commenc\u00e9 ce matin avec des r\u00e9glages compl\u00e8tement diff\u00e9rents que j\u2019appr\u00e9cie beaucoup. C\u2019\u00e9tait agr\u00e9able de vivre cette exp\u00e9rience en course et d\u2019essayer quelque chose de diff\u00e9rent. Mon rythme \u00e9tait correct, surtout dans les cinq derniers tours. Nous savons o\u00f9 nous pouvons progresser, surtout en groupe. Nous travaillons dur l\u00e0-dessus\u201c, ajoutait le tricolore, plus apais\u00e9 qu\u2019il ne l\u2019\u00e9tait en Allemagne.<\/p>\n<p>\u00ab C\u2019\u00e9tait difficile de faire mieux, non pas en termes de r\u00e9sultats, mais en termes de chronos\u201c, r\u00e9agissait Alex Rins, class\u00e9 seulement quinzi\u00e8me de la course principale, dimanche. \u201cC\u2019est difficile de se battre. Si nous devions nous concentrer sur un seul point \u00e0 am\u00e9liorer maintenant, ce serait les qualifications pour mieux d\u00e9marrer. Nous avons besoin de plus de r\u00e9gularit\u00e9 en qualifications, et ensuite la course est une \u00e9tape suppl\u00e9mentaire. Nous devons continuer \u00e0 travailler apr\u00e8s les trois semaines de pause. \u00bb, commentait, enfin, le pilote ib\u00e9rique.<\/p>\n<p>Article publi\u00e9 le 21\/07\/2025 \u00e0 17h16<\/p>\n<p>                                                            <script async src=\"https:\/\/platform.twitter.com\/widgets.js\" charset=\"utf-8\"><\/script><\/p>\n","protected":false},"excerpt":{"rendered":"Terminer sixi\u00e8me d\u2019un Grand-Prix de MotoGP, lorsque l\u2019on s\u2019est qualifi\u00e9 en premi\u00e8re ligne ne peut \u00eatre satisfaisant. Surtout&hellip;\n","protected":false},"author":2,"featured_media":263715,"comment_status":"","ping_status":"","sticky":false,"template":"","format":"standard","meta":{"footnotes":""},"categories":[1413],"tags":[1680,1011,27,1457,1456,1458,60],"class_list":{"0":"post-263714","1":"post","2":"type-post","3":"status-publish","4":"format-standard","5":"has-post-thumbnail","7":"category-moto","8":"tag-fabio-quartararo","9":"tag-fr","10":"tag-france","11":"tag-moto","12":"tag-motocycle","13":"tag-motogp","14":"tag-sports"},"share_on_mastodon":{"url":"https:\/\/pubeurope.com\/@fr\/114892096435197834","error":""},"_links":{"self":[{"href":"https:\/\/www.europesays.com\/fr\/wp-json\/wp\/v2\/posts\/263714","targetHints":{"allow":["GET"]}}],"collection":[{"href":"https:\/\/www.europesays.com\/fr\/wp-json\/wp\/v2\/posts"}],"about":[{"href":"https:\/\/www.europesays.com\/fr\/wp-json\/wp\/v2\/types\/post"}],"author":[{"embeddable":true,"href":"https:\/\/www.europesays.com\/fr\/wp-json\/wp\/v2\/users\/2"}],"replies":[{"embeddable":true,"href":"https:\/\/www.europesays.com\/fr\/wp-json\/wp\/v2\/comments?post=263714"}],"version-history":[{"count":0,"href":"https:\/\/www.europesays.com\/fr\/wp-json\/wp\/v2\/posts\/263714\/revisions"}],"wp:featuredmedia":[{"embeddable":true,"href":"https:\/\/www.europesays.com\/fr\/wp-json\/wp\/v2\/media\/263715"}],"wp:attachment":[{"href":"https:\/\/www.europesays.com\/fr\/wp-json\/wp\/v2\/media?parent=263714"}],"wp:term":[{"taxonomy":"category","embeddable":true,"href":"https:\/\/www.europesays.com\/fr\/wp-json\/wp\/v2\/categories?post=263714"},{"taxonomy":"post_tag","embeddable":true,"href":"https:\/\/www.europesays.com\/fr\/wp-json\/wp\/v2\/tags?post=263714"}],"curies":[{"name":"wp","href":"https:\/\/api.w.org\/{rel}","templated":true}]}}