{"id":263720,"date":"2025-07-21T16:12:17","date_gmt":"2025-07-21T16:12:17","guid":{"rendered":"https:\/\/www.europesays.com\/fr\/263720\/"},"modified":"2025-07-21T16:12:17","modified_gmt":"2025-07-21T16:12:17","slug":"coupe-de-france-les-girondins-debutent-le-27-septembre-2025","status":"publish","type":"post","link":"https:\/\/www.europesays.com\/fr\/263720\/","title":{"rendered":"Coupe de France : les Girondins d\u00e9butent le 27 septembre 2025"},"content":{"rendered":"<p><img decoding=\"async\" src=\"https:\/\/www.europesays.com\/fr\/wp-content\/uploads\/2025\/07\/671_2932ff364f06dbed6c50e751bb982b91.jpg\" alt=\"Coupe de France : les Girondins d\u00e9butent le 27 septembre 2025\" class=\"img-responsive mt-3\"\/><\/p>\n<p class=\"text-center mb-3\" style=\"font-size: 14px\">\u00a9 Iconsport<\/p>\n<p style=\"text-align: justify;\">Voici le dates cl\u00e9s de la Coupe de France saison 2025-2026.<\/p>\n<p style=\"text-align: justify;\">La comp\u00e9tition d\u00e9marre au mois d&rsquo;ao\u00fbt en r\u00e9gion pour les premiers et deuxi\u00e8me tour. Le troisi\u00e8me tour avec l&rsquo;entr\u00e9e en lice des clubs de National 3 se joue le 13 septembre. Ainsi, les Girondins de Bordeaux d\u00e9butent la comp\u00e9tition avec les autres clubs de National 2 le 27 septembre.<\/p>\n<p style=\"text-align: justify;\"><strong>5e tour <\/strong>: 11 octobre 2025 (entr\u00e9e des clubs de National)<br \/><strong>6e tour<\/strong> : 25 octobre 2025<br \/><strong>7e tour<\/strong> : 15 novembre 2025 (entr\u00e9e des clubs de Ligue 2)<br \/><strong>8e tour<\/strong> : 29 novembre 2025<br \/><strong>32e de finale<\/strong> : 20 d\u00e9cembre 2025 (entr\u00e9e des clubs de Ligue 1)<br \/><strong>16e de finale<\/strong> : 10 janvier 2026<br \/><strong>8e de finale<\/strong> : 4 et 5 f\u00e9vrier 2026<br \/><strong>Demi-finales<\/strong> : 21 et 22 avril 2026<br \/><strong>Finale<\/strong> : 23 mai 2026.<\/p>\n<p style=\"text-align: justify;\">&gt;&gt; <a href=\"https:\/\/www.webgirondins.com\/actualite-girondins-n2-angouleme-l-autre-outsider-dans-le-groupe-a-des-girondins-129808\" target=\"_blank\" rel=\"noopener nofollow\"><strong>N2 : Angoul\u00eame l&rsquo;autre outsider dans le groupe A des Girondins<\/strong><\/a><\/p>\n<p style=\"text-align: justify;\">\u00a0<\/p>\n<p style=\"text-align: justify;\">\u00c9coutez la r\u00e9action de <a href=\"https:\/\/www.webgirondins.com\/actualite-girondins-girondins-luderic-etonde-l-atmosphere-est-incroyable-129791\" target=\"_blank\" rel=\"noopener nofollow\">Lud\u00e9ric \u00c9tonde<\/a> (buteur bordelais) apr\u00e8s la rencontre face \u00e0 Cannes :<\/p>\n<p>N.P<\/p>\n","protected":false},"excerpt":{"rendered":"\u00a9 Iconsport Voici le dates cl\u00e9s de la Coupe de France saison 2025-2026. La comp\u00e9tition d\u00e9marre au mois&hellip;\n","protected":false},"author":2,"featured_media":263721,"comment_status":"","ping_status":"","sticky":false,"template":"","format":"standard","meta":{"footnotes":""},"categories":[1410],"tags":[1997,40315,827,40314,615,13799,40313,4660,63,1011,27,1987,11418,395,3333,60,3584],"class_list":{"0":"post-263720","1":"post","2":"type-post","3":"status-publish","4":"format-standard","5":"has-post-thumbnail","7":"category-football","8":"tag-bordeaux","9":"tag-commencent","10":"tag-competition","11":"tag-connues","12":"tag-coupe","13":"tag-dates","14":"tag-debutent","15":"tag-edition","16":"tag-football","17":"tag-fr","18":"tag-france","19":"tag-girondins","20":"tag-prochain","21":"tag-septembre","22":"tag-sont","23":"tag-sports","24":"tag-tour"},"share_on_mastodon":{"url":"https:\/\/pubeurope.com\/@fr\/114892108414984889","error":""},"_links":{"self":[{"href":"https:\/\/www.europesays.com\/fr\/wp-json\/wp\/v2\/posts\/263720","targetHints":{"allow":["GET"]}}],"collection":[{"href":"https:\/\/www.europesays.com\/fr\/wp-json\/wp\/v2\/posts"}],"about":[{"href":"https:\/\/www.europesays.com\/fr\/wp-json\/wp\/v2\/types\/post"}],"author":[{"embeddable":true,"href":"https:\/\/www.europesays.com\/fr\/wp-json\/wp\/v2\/users\/2"}],"replies":[{"embeddable":true,"href":"https:\/\/www.europesays.com\/fr\/wp-json\/wp\/v2\/comments?post=263720"}],"version-history":[{"count":0,"href":"https:\/\/www.europesays.com\/fr\/wp-json\/wp\/v2\/posts\/263720\/revisions"}],"wp:featuredmedia":[{"embeddable":true,"href":"https:\/\/www.europesays.com\/fr\/wp-json\/wp\/v2\/media\/263721"}],"wp:attachment":[{"href":"https:\/\/www.europesays.com\/fr\/wp-json\/wp\/v2\/media?parent=263720"}],"wp:term":[{"taxonomy":"category","embeddable":true,"href":"https:\/\/www.europesays.com\/fr\/wp-json\/wp\/v2\/categories?post=263720"},{"taxonomy":"post_tag","embeddable":true,"href":"https:\/\/www.europesays.com\/fr\/wp-json\/wp\/v2\/tags?post=263720"}],"curies":[{"name":"wp","href":"https:\/\/api.w.org\/{rel}","templated":true}]}}