{"id":263722,"date":"2025-07-21T16:13:13","date_gmt":"2025-07-21T16:13:13","guid":{"rendered":"https:\/\/www.europesays.com\/fr\/263722\/"},"modified":"2025-07-21T16:13:13","modified_gmt":"2025-07-21T16:13:13","slug":"les-meilleurs-memes-de-cette-video-devenue-virale","status":"publish","type":"post","link":"https:\/\/www.europesays.com\/fr\/263722\/","title":{"rendered":"les meilleurs \u00ab\u00a0m\u00e8mes\u00a0\u00bb de cette vid\u00e9o devenue virale"},"content":{"rendered":"<p>Deux millions de recherches Google en 24h. Le nom d&rsquo;Andy Byron, le dirigeant de l&rsquo;entreprise am\u00e9ricaine Astronomer, a suscit\u00e9 la curiosit\u00e9 de nombreux internautes apr\u00e8s la diffusion d&rsquo;une<a href=\"https:\/\/www.laprovence.com\/article\/france-monde\/2553210683913614\/le-pdg-americain-filme-en-pleine-infidelite-pendant-le-concert-de-coldplay-contraint-de-demissionner\" target=\"_blank\" rel=\"noopener\"> vid\u00e9o le montrant enla\u00e7ant une coll\u00e8gue lors d&rsquo;un concert de Coldplay<\/a> le 16 juillet dernier. Pris en flagrant d\u00e9lit d&rsquo;adult\u00e8re avec sa directrice des ressources humaines Kristin Cabot, le PDG dont le nom et le visage sont d\u00e9sormais connus du monde entier, a finalement d\u00e9missionn\u00e9 ce samedi 19 juillet.<\/p>\n<p>Compilation de vid\u00e9os et images parodiques\u00a0<\/p>\n<p>Rapidement, les images ont \u00e9t\u00e9 d\u00e9tourn\u00e9es par les plus cr\u00e9atifs du web, transformant cette s\u00e9quence virale en m\u00e8me, d\u00e9clin\u00e9 et d\u00e9tourn\u00e9 sur internet. Certains se sont amus\u00e9s \u00e0 reproduire la sc\u00e8ne lors de \u00ab\u00a0Kiss-Cam\u00a0\u00bb, d&rsquo;autres \u00e0 la transformer en faisant figurer des personnalit\u00e9s politiques.<\/p>\n<p>\u00ab\u00a0Si tu pensais passer une mauvaise journ\u00e9e, Andy Byron est l\u00e0 pour te rappeler que \u00e7a pourrait \u00eatre bien pire\u00a0\u00bb, ironise un internaute.<\/p>\n<p>Les marques s&#8217;emparent de la s\u00e9quence<\/p>\n<p>Il n&rsquo;y a pas que les internautes qui \u00e9taient inspir\u00e9s pour parodier ces images d&rsquo;adult\u00e8re. Des marques comme Lego, Sixt, Ikea, <a href=\"https:\/\/www.laprovence.com\/article\/economie\/7342011954696914\/difficultes-de-tesla-meme-en-provence-les-ventes-de-ces-voitures-electriques-sont-en-chute-libre\" target=\"_blank\" rel=\"noopener\">Tesla <\/a>ou encore Aldi s&rsquo;en sont aussi donn\u00e9 \u00e0 c\u0153ur joie.\u00a0<\/p>\n<p>Sur son compte Instagram, Ikea a publi\u00e9 une photo d&rsquo;un panda en peluche enla\u00e7ant un orang-outan, avec un petit clin d&rsquo;\u0153il : \u00ab\u00a0Approuv\u00e9 par les RH\u00a0\u00bb.\u00a0<\/p>\n<p>Tesla n&rsquo;\u00e9tait pas en reste et a publi\u00e9 sur X une d\u00e9claration teint\u00e9e d&rsquo;humour : \u00ab\u00a0Publier une photo de vous profitant de votre Tesla de pr\u00eat pendant que votre propre v\u00e9hicule est en service, c&rsquo;est comme l&#8217;emmener \u00e0 un concert de Coldplay. Votre voiture le saura.\u00a0\u00bb<\/p>\n<blockquote class=\"twitter-tweet\"><p>&#13;<\/p>\n<p>Posting a pic of you enjoying your loaner Tesla while your own one is in service is the equivalent of taking it to a Coldplay concert <\/p>\n<p>Your car will know.<\/p>\n<p>&#13;<br \/>\n\u2014 Tesla (@Tesla) <a href=\"https:\/\/twitter.com\/Tesla\/status\/1946152605769404598?ref_src=twsrc%5Etfw\" target=\"_blank\" rel=\"noopener\">July 18, 2025<\/a><\/p><\/blockquote>\n<p>L&rsquo;agence de location de v\u00e9hicules n&rsquo;a pas \u00e9chapp\u00e9 \u00e0 la tendance : \u00ab\u00a0Oubliez les excuses, juste partez !\u00a0\u00bb, peut-on lire dans un post sur <a href=\"https:\/\/www.laprovence.com\/article\/societe\/1553696484460415\/vos-photos-instagram-publiques-vont-bientot-se-retrouver-sur-google-voici-comment-l-empecher\" target=\"_blank\" rel=\"noopener\">Instagram<\/a>.\u00a0<\/p>\n<p>Aldi s&rsquo;est aussi empar\u00e9 de l&rsquo;affaire : \u00ab\u00a0Ces deux coll\u00e8gues qui doivent toujours \u2018faire des heures sup\u00a0\u00bb, plaisante sur Instagram la branche n\u00e9erlandaise de la cha\u00eene de supermarch\u00e9s.<\/p>\n<p>L&rsquo;entreprise valoris\u00e9e \u00e0 environ 1 milliard de dollars sp\u00e9cialis\u00e9e dans le traitement de donn\u00e9es et dans l&rsquo;IA, a cherch\u00e9 \u00e0 pr\u00e9server son image : \u00ab\u00a0Si la notori\u00e9t\u00e9 de notre entreprise a chang\u00e9 du jour au lendemain, notre produit et notre travail \u00e0 destination de nos clients n&rsquo;ont, eux, pas chang\u00e9\u00a0\u00bb, a assur\u00e9 Astronomer dans une publication sur LinkedIn.\u00a0<\/p>\n<p><img alt=\"\" loading=\"lazy\" width=\"18\" height=\"18\" decoding=\"async\" data-nimg=\"1\" class=\"mx-[8px]\" style=\"color:transparent\" src=\"https:\/\/www.laprovence.com\/_next\/static\/media\/comment.b95dda91.svg\"\/>D\u00e9marrez la conversation<\/p>\n<p class=\"text-[1.8rem] mt-[32px]\">Votre opinion compte pour nous. Rejoignez la communaut\u00e9 laprovence.com en r\u00e9agissant sur l&rsquo;article Infid\u00e9lit\u00e9 d&rsquo;un PDG r\u00e9v\u00e9l\u00e9e lors d&rsquo;un concert de Coldplay : la vid\u00e9o d\u00e9tourn\u00e9e, les meilleurs \u00ab\u00a0m\u00e8mes\u00a0\u00bb de cette s\u00e9quence virale.<\/p>\n<p><script async src=\"https:\/\/platform.twitter.com\/widgets.js\" charset=\"utf-8\"><\/script><\/p>\n","protected":false},"excerpt":{"rendered":"Deux millions de recherches Google en 24h. Le nom d&rsquo;Andy Byron, le dirigeant de l&rsquo;entreprise am\u00e9ricaine Astronomer, a&hellip;\n","protected":false},"author":2,"featured_media":263723,"comment_status":"","ping_status":"","sticky":false,"template":"","format":"standard","meta":{"footnotes":""},"categories":[1359],"tags":[17,1697,2837,58,59,1011,27,40222,7826,14604,973,40316,104],"class_list":{"0":"post-263722","1":"post","2":"type-post","3":"status-publish","4":"format-standard","5":"has-post-thumbnail","7":"category-people","8":"tag-17","9":"tag-concert","10":"tag-dun","11":"tag-divertissement","12":"tag-entertainment","13":"tag-fr","14":"tag-france","15":"tag-infidelite","16":"tag-lors","17":"tag-pdg","18":"tag-people","19":"tag-revelee","20":"tag-societe"},"share_on_mastodon":{"url":"https:\/\/pubeurope.com\/@fr\/114892112061642796","error":""},"_links":{"self":[{"href":"https:\/\/www.europesays.com\/fr\/wp-json\/wp\/v2\/posts\/263722","targetHints":{"allow":["GET"]}}],"collection":[{"href":"https:\/\/www.europesays.com\/fr\/wp-json\/wp\/v2\/posts"}],"about":[{"href":"https:\/\/www.europesays.com\/fr\/wp-json\/wp\/v2\/types\/post"}],"author":[{"embeddable":true,"href":"https:\/\/www.europesays.com\/fr\/wp-json\/wp\/v2\/users\/2"}],"replies":[{"embeddable":true,"href":"https:\/\/www.europesays.com\/fr\/wp-json\/wp\/v2\/comments?post=263722"}],"version-history":[{"count":0,"href":"https:\/\/www.europesays.com\/fr\/wp-json\/wp\/v2\/posts\/263722\/revisions"}],"wp:featuredmedia":[{"embeddable":true,"href":"https:\/\/www.europesays.com\/fr\/wp-json\/wp\/v2\/media\/263723"}],"wp:attachment":[{"href":"https:\/\/www.europesays.com\/fr\/wp-json\/wp\/v2\/media?parent=263722"}],"wp:term":[{"taxonomy":"category","embeddable":true,"href":"https:\/\/www.europesays.com\/fr\/wp-json\/wp\/v2\/categories?post=263722"},{"taxonomy":"post_tag","embeddable":true,"href":"https:\/\/www.europesays.com\/fr\/wp-json\/wp\/v2\/tags?post=263722"}],"curies":[{"name":"wp","href":"https:\/\/api.w.org\/{rel}","templated":true}]}}