{"id":263724,"date":"2025-07-21T16:15:20","date_gmt":"2025-07-21T16:15:20","guid":{"rendered":"https:\/\/www.europesays.com\/fr\/263724\/"},"modified":"2025-07-21T16:15:20","modified_gmt":"2025-07-21T16:15:20","slug":"festival-des-livres-magie-concerts-que-faire-gratuitement-ce-mardi-22-juillet-en-cornouaille-carte","status":"publish","type":"post","link":"https:\/\/www.europesays.com\/fr\/263724\/","title":{"rendered":"Festival des livres, magie, concerts\u2026\u00a0: que faire (gratuitement) ce mardi 22\u00a0juillet en Cornouaille\u00a0? [Carte]"},"content":{"rendered":"<p><a href=\"https:\/\/www.letelegramme.fr\/agenda\/journees-theme\/finistere\/combrit-sainte-marie-29120\/jardin-des-livres-2810247.php\" target=\"_blank\" rel=\"nofollow noopener\">La litt\u00e9rature jeunesse sera reine mardi 22 juillet \u00e0 Combrit<\/a>. \u00c0 la m\u00e9diath\u00e8que, place \u00e0 la quatri\u00e8me \u00e9dition du Jardin des livres qui met le cap sur la jeunesse avec livres illustr\u00e9s, romans, BD et documentaires de 0 \u00e0 15 ans. Rendez-vous de 10\u00a0h \u00e0 18\u00a0h, \u00e0 Park An Treizour, 1 rue du Bac. Gratuit.<\/p>\n<p>2 Par ici les jonglages<\/p>\n<p>Abracadabra\u00a0! Le temps d\u2019un spectacle, Marc Weber jouera ses plus beaux tours de magie et ses plus beaux num\u00e9ros de jonglerie, mardi 22 juillet de 14\u00a0h \u00e0 23\u00a0h, rue Vauban, \u00e0 Concarneau. Ce spectacle est familial, interactif et participatif. Gratuit.<\/p>\n<p>3 Un spectacle pour les m\u00f4mes<\/p>\n<p>Avec \u00ab\u00a0L\u2019avenir c\u2019\u00e9tait mieux avant\u00a0!\u00a0\u00bb, la compagnie Les Vils brequins invite le public dans un univers po\u00e9tique et d\u00e9cal\u00e9 o\u00f9 s\u2019entrem\u00ealent vinyles et rires. Spectacle en plein air, \u00e0 18\u00a0h\u00a030, au th\u00e9\u00e2tre de plein air de Pen an Cap, \u00e0 Fouesnant. Gratuit.<\/p>\n<p>4 Les rencontres musicales \u00e0 Penmarc\u2019h<\/p>\n<p>Pour leur 12e \u00e9dition, les Rencontres musicales de Penmarc\u2019h c\u00e9l\u00e8brent le 150e anniversaire de la naissance de Maurice-Ravel. L\u2019ouverture se fera en plein air, au pied du phare d\u2019Eckm\u00fchl, mardi 22 juillet \u00e0 19\u00a0h. Au programme, une interpr\u00e9tation de \u00ab\u00a0L\u2019Histoire du soldat\u00a0\u00bb (musique de Stravinsky sur un texte de Ramuz). Participation libre.<\/p>\n<p>5 Les Mardis de Clohars-Fouesnant<\/p>\n<p>Cet \u00e9t\u00e9, les mardis \u00e0 Clohars-Fouesnant prennent une tournure musicale. Ce 22 juillet, place \u00e0 Kenata qui partagera ses reprises pop et rock, dans la cour de l\u2019\u00e9cole \u00e0 partir de 21\u00a0h. Restauration sur place, entr\u00e9e gratuite.<\/p>\n","protected":false},"excerpt":{"rendered":"La litt\u00e9rature jeunesse sera reine mardi 22 juillet \u00e0 Combrit. \u00c0 la m\u00e9diath\u00e8que, place \u00e0 la quatri\u00e8me \u00e9dition&hellip;\n","protected":false},"author":2,"featured_media":263725,"comment_status":"","ping_status":"","sticky":false,"template":"","format":"standard","meta":{"footnotes":""},"categories":[1357],"tags":[1063,29014,1379,40317,25991,3322,58,3320,59,5127,1011,27,1380,1393,22629,3323,3319],"class_list":{"0":"post-263724","1":"post","2":"type-post","3":"status-publish","4":"format-standard","5":"has-post-thumbnail","7":"category-livres","8":"tag-animations","9":"tag-audierne","10":"tag-books","11":"tag-clohars-fouesnant","12":"tag-combrit","13":"tag-concarneau","14":"tag-divertissement","15":"tag-douarnenez","16":"tag-entertainment","17":"tag-fouesnant","18":"tag-fr","19":"tag-france","20":"tag-livres","21":"tag-loisirs","22":"tag-penmarch","23":"tag-pont-labbe","24":"tag-quimper"},"share_on_mastodon":{"url":"https:\/\/pubeurope.com\/@fr\/114892120072815111","error":""},"_links":{"self":[{"href":"https:\/\/www.europesays.com\/fr\/wp-json\/wp\/v2\/posts\/263724","targetHints":{"allow":["GET"]}}],"collection":[{"href":"https:\/\/www.europesays.com\/fr\/wp-json\/wp\/v2\/posts"}],"about":[{"href":"https:\/\/www.europesays.com\/fr\/wp-json\/wp\/v2\/types\/post"}],"author":[{"embeddable":true,"href":"https:\/\/www.europesays.com\/fr\/wp-json\/wp\/v2\/users\/2"}],"replies":[{"embeddable":true,"href":"https:\/\/www.europesays.com\/fr\/wp-json\/wp\/v2\/comments?post=263724"}],"version-history":[{"count":0,"href":"https:\/\/www.europesays.com\/fr\/wp-json\/wp\/v2\/posts\/263724\/revisions"}],"wp:featuredmedia":[{"embeddable":true,"href":"https:\/\/www.europesays.com\/fr\/wp-json\/wp\/v2\/media\/263725"}],"wp:attachment":[{"href":"https:\/\/www.europesays.com\/fr\/wp-json\/wp\/v2\/media?parent=263724"}],"wp:term":[{"taxonomy":"category","embeddable":true,"href":"https:\/\/www.europesays.com\/fr\/wp-json\/wp\/v2\/categories?post=263724"},{"taxonomy":"post_tag","embeddable":true,"href":"https:\/\/www.europesays.com\/fr\/wp-json\/wp\/v2\/tags?post=263724"}],"curies":[{"name":"wp","href":"https:\/\/api.w.org\/{rel}","templated":true}]}}