{"id":263726,"date":"2025-07-21T16:16:18","date_gmt":"2025-07-21T16:16:18","guid":{"rendered":"https:\/\/www.europesays.com\/fr\/263726\/"},"modified":"2025-07-21T16:16:18","modified_gmt":"2025-07-21T16:16:18","slug":"cyril-na-pas-apprecie-pascal-soetens-pourquoi-sa-presence-dans-tpmp-a-ete-ecourtee","status":"publish","type":"post","link":"https:\/\/www.europesays.com\/fr\/263726\/","title":{"rendered":"\u00ab\u00a0Cyril n\u2019a pas appr\u00e9ci\u00e9\u2026\u00a0\u00bb : Pascal Soetens pourquoi sa pr\u00e9sence dans \u00ab\u00a0TPMP\u00a0\u00bb a \u00e9t\u00e9 \u00e9court\u00e9e"},"content":{"rendered":"<p>      R\u00e9sum\u00e9<\/p>\n<p>Pascal Soetens revient sans filtre sur sa courte collaboration avec TPMP, \u00e9voquant un quiproquo contractuel avec Cyril Hanouna et des tensions avec Guillaume Pley.<\/p>\n<p>        Sommaire<\/p>\n<p>Pascal Soetens, alias Pascal le Grand Fr\u00e8re, est connu pour sa franchise\u2026 et il n\u2019a pas d\u00e9rog\u00e9 \u00e0 sa r\u00e9putation lors de son passage dans \u00ab\u00a0Le Dernier Repas du Condamn\u00e9\u00a0\u00bb, une \u00e9mission diffus\u00e9e sur la cha\u00eene YouTube Delfacao Media.<\/p>\n<p>Invit\u00e9 \u00e0 se livrer sans filtre, l\u2019\u00e9ducateur embl\u00e9matique de la t\u00e9l\u00e9-r\u00e9alit\u00e9 est revenu sur sa br\u00e8ve exp\u00e9rience comme chroniqueur dans Touche pas \u00e0 mon poste\u2026 Et comme souvent avec Pascal, c\u2019est croustillant, dr\u00f4le et sans langue de bois !<\/p>\n<p>Pascal Soetens \u00e9voque sa brouille avec Guillaume Pley <\/p>\n<p>Ce lundi 21 juillet 2025, Pascal Soetens donne de ses nouvelles, \u00e0 travers une interview accord\u00e9e \u00e0 Delfacao Media. Le c\u00e9l\u00e8bre \u00e9ducateur vient en effet de participer \u00e0 l&rsquo;\u00e9mission \u00ab\u00a0Le Dernier Repas du Condamn\u00e9\u00a0\u00bb publi\u00e9e sur YouTube. <\/p>\n<p>D&#8217;embl\u00e9e, il n&rsquo;a pas manqu\u00e9 d&rsquo;\u00e9voquer <a href=\"https:\/\/www.public.fr\/guillaume-pley-brise-le-silence\" target=\"_blank\" rel=\"noopener\">sa brouille avec Guillaume Pley<\/a>. \u00ab\u00a0J\u2019ai re\u00e7u un joli courrier de la part d\u2019un avocat. J\u2019aurais pr\u00e9f\u00e9r\u00e9 qu\u2019il m\u2019appelle, parce que quand on a des cojones, on appelle les gens\u00a0\u00bb a-t-il d\u00e9clar\u00e9 en r\u00e9f\u00e9rence aux accusations faites il y a deux ans \u00e0 son encontre. <\/p>\n<p>\u00ab\u00a0On s\u2019est crois\u00e9s lors de l\u2019inauguration du restaurant de Norbert, sur les Champs-\u00c9lys\u00e9es. J\u2019ai voulu aller lui dire bonjour, mais il a quitt\u00e9 les lieux en apprenant que j\u2019\u00e9tais l\u00e0\u2026\u00a0\u00bb a-t-il aussi racont\u00e9. <\/p>\n<blockquote class=\"wp-block-quote is-layout-flow wp-block-quote-is-layout-flow\">\n<p>Pascal Soetens affirme ne pas vouloir faire de cette histoire une affaire publique, mais <strong>il tient \u00e0 rappeler les faits <\/strong>: \u00ab\u00a0Il m\u2019a fait deux petites crasses : il a pris le nom de ma salle de sport pour son \u00e9mission \u00ab\u00a0Le QG\u00a0\u00bb, et il a aussi pris le nom \u00ab\u00a0Legend\u00a0\u00bb \u00e0 une autre nana de YouTube. Ce n\u2019est pas tr\u00e8s cool d\u2019avoir cette attitude\u00a0\u00bb. <\/p>\n<p>L\u2019\u00e9ducateur devenu animateur laisse entendre qu\u2019il existerait d\u2019autres \u00e9l\u00e9ments \u00e0 conna\u00eetre sur Guillaume Pley : \u00ab\u00a0Je pense qu\u2019il se range du bon c\u00f4t\u00e9, car il a peur que des choses sortent\u00a0\u00bb.  Mais il temp\u00e8re, pr\u00e9f\u00e9rant clore le sujet : \u00ab\u00a0Moi, Guillaume, je n\u2019ai rien contre toi. Mais juste\u2026 ne prend pas les gens pour des imb\u00e9ciles\u00a0\u00bb. <\/p>\n<p>Pascal Soetens s&rsquo;excuse aupr\u00e8s de Cyril Hanouna <\/p>\n<p>Dans cette interview, Pascal Soetens est aussi revenu sur <a href=\"https:\/\/www.public.fr\/ouverture-des-cyril-hanouna-lance-un-appel-a-ses-fans-avant-le-demarrage-de-son-emission-sur-w9\" target=\"_blank\" rel=\"noopener\">sa br\u00e8ve carri\u00e8re au sein de l&rsquo;\u00e9mission \u00ab\u00a0Touche pas \u00e0 mon poste\u00a0\u00bb,<\/a> autrefois diffus\u00e9e sur la cha\u00eene C8. <\/p>\n<p>\u00ab\u00a0Cyril m&rsquo;a dit Pascal, je te prendrais bien comme chroniqueur sur TPMP. Du coup je lui dit ok, je le fais une fois, je viens et je suis chroniqueur. Et un jour je reviens, je me suis point\u00e9 sur le plateau et je suis arriv\u00e9 avec un contrat de travail et je crois que Cyril n&rsquo;a pas appr\u00e9ci\u00e9 ! Pardon Cyril !\u00a0\u00bb. <\/p>\n<p>Et d&rsquo;ajouter : \u00ab\u00a0Oui je suis venu et je lui dit qu&rsquo;il m&rsquo;avait propos\u00e9 un poste de chroniqueur et que donc, j&rsquo;avais pr\u00e9par\u00e9 le contrat. Il d\u00e9teste qu&rsquo;on fasse \u00e7a et en plus, il a ouvert l&rsquo;enveloppe, il a lu le contrat et il m&rsquo;a dit : &lsquo;Ah oui, tu me demandes beaucoup quand m\u00eame !\u00a0\u00bb. Et Pascal Soetens de conclure : \u00ab\u00a0Je lui ai dit que je lui demandais 300 euros hors taxe, pour venir une fois par semaine et recadrer tout le monde\u00a0\u00bb. <\/p>\n<\/blockquote>\n<p>      Mentionn\u00e9s dans cet article<\/p>\n<p>\u00c0 lire aussi<\/p>\n","protected":false},"excerpt":{"rendered":"R\u00e9sum\u00e9 Pascal Soetens revient sans filtre sur sa courte collaboration avec TPMP, \u00e9voquant un quiproquo contractuel avec Cyril&hellip;\n","protected":false},"author":2,"featured_media":263727,"comment_status":"","ping_status":"","sticky":false,"template":"","format":"standard","meta":{"footnotes":""},"categories":[1356],"tags":[1083,58,59,1011,27,12047,252,549,1364],"class_list":{"0":"post-263726","1":"post","2":"type-post","3":"status-publish","4":"format-standard","5":"has-post-thumbnail","7":"category-television","8":"tag-cyril-hanouna","9":"tag-divertissement","10":"tag-entertainment","11":"tag-fr","12":"tag-france","13":"tag-pascal-soetens","14":"tag-television","15":"tag-touche-pas-a-mon-poste","16":"tag-tv"},"share_on_mastodon":{"url":"https:\/\/pubeurope.com\/@fr\/114892124338923355","error":""},"_links":{"self":[{"href":"https:\/\/www.europesays.com\/fr\/wp-json\/wp\/v2\/posts\/263726","targetHints":{"allow":["GET"]}}],"collection":[{"href":"https:\/\/www.europesays.com\/fr\/wp-json\/wp\/v2\/posts"}],"about":[{"href":"https:\/\/www.europesays.com\/fr\/wp-json\/wp\/v2\/types\/post"}],"author":[{"embeddable":true,"href":"https:\/\/www.europesays.com\/fr\/wp-json\/wp\/v2\/users\/2"}],"replies":[{"embeddable":true,"href":"https:\/\/www.europesays.com\/fr\/wp-json\/wp\/v2\/comments?post=263726"}],"version-history":[{"count":0,"href":"https:\/\/www.europesays.com\/fr\/wp-json\/wp\/v2\/posts\/263726\/revisions"}],"wp:featuredmedia":[{"embeddable":true,"href":"https:\/\/www.europesays.com\/fr\/wp-json\/wp\/v2\/media\/263727"}],"wp:attachment":[{"href":"https:\/\/www.europesays.com\/fr\/wp-json\/wp\/v2\/media?parent=263726"}],"wp:term":[{"taxonomy":"category","embeddable":true,"href":"https:\/\/www.europesays.com\/fr\/wp-json\/wp\/v2\/categories?post=263726"},{"taxonomy":"post_tag","embeddable":true,"href":"https:\/\/www.europesays.com\/fr\/wp-json\/wp\/v2\/tags?post=263726"}],"curies":[{"name":"wp","href":"https:\/\/api.w.org\/{rel}","templated":true}]}}