{"id":263732,"date":"2025-07-21T16:19:10","date_gmt":"2025-07-21T16:19:10","guid":{"rendered":"https:\/\/www.europesays.com\/fr\/263732\/"},"modified":"2025-07-21T16:19:10","modified_gmt":"2025-07-21T16:19:10","slug":"en-afrique-du-sud-la-crainte-dune-recrudescence-du-vih-apres-la-disparition-de-lusaid","status":"publish","type":"post","link":"https:\/\/www.europesays.com\/fr\/263732\/","title":{"rendered":"En Afrique du Sud, la crainte d\u2019une recrudescence du VIH apr\u00e8s la disparition de l\u2019Usaid"},"content":{"rendered":"<p>                         <img loading=\"lazy\" decoding=\"async\" src=\"https:\/\/www.europesays.com\/fr\/wp-content\/uploads\/2025\/07\/9361022_ftp-import-images-1-i0ry9sva0t33-2025-05-29t215233z-2051550681-rc2mbdad36uj-rtrmadp-3-gilead.jpeg\" alt=\"Une infirmi\u00e8re pr\u00e9l\u00e8ve un \u00e9chantillon de sang sur un enfant pour un test de d\u00e9pistage du VIH, dans une clinique de Diepsloot, au nord de Johannesburg, en Afrique du Sud, le 12\u00a0mars 2025.\"   width=\"664\" height=\"443\"\/>    Une infirmi\u00e8re pr\u00e9l\u00e8ve un \u00e9chantillon de sang sur un enfant pour un test de d\u00e9pistage du VIH, dans une clinique de Diepsloot, au nord de Johannesburg, en Afrique du Sud, le 12\u00a0mars 2025.  SIPHIWE SIBEKO \/ REUTERS                 <\/p>\n<p class=\"article__paragraph  \">Premier foyer de l\u2019\u00e9pid\u00e9mie de VIH au monde, l\u2019Afrique du Sud le r\u00e9p\u00e8te depuis l\u2019annonce du gel des aides am\u00e9ricaines, le 20\u00a0janvier\u00a0: son programme de lutte contre le virus, le plus important au monde, n\u2019est pas menac\u00e9. Et pour cause\u00a0: le pays finance lui-m\u00eame plus de 75\u00a0% du dispositif. Pourtant, des signes trahissent d\u00e9j\u00e0 les cons\u00e9quences de la disparition de l\u2019Agence des Etats-Unis pour le d\u00e9veloppement international (Usaid) et des aides li\u00e9es au Plan d\u2019urgence du pr\u00e9sident am\u00e9ricain pour la lutte contre le sida (Pepfar).<\/p>\n<p>   Lire plus tard  <\/p>\n<p class=\"article__paragraph  \">Mais si le minist\u00e8re de la sant\u00e9 se veut rassurant, la soci\u00e9t\u00e9 civile alerte sur la remont\u00e9e annonc\u00e9e du nombre d\u2019infections. \u00ab\u00a0C\u2019est d\u00e9vastateur mais nous essayons tous d\u2019aller de l\u2019avant\u00a0\u00bb, r\u00e9sume le docteur Kate Rees, sp\u00e9cialiste de sant\u00e9 publique au sein de l\u2019Anova Health Institute. L\u2019organisation \u00e9tait l\u2019un des premiers b\u00e9n\u00e9ficiaires du Pepfar en Afrique du Sud, facilitant l\u2019acc\u00e8s \u00e0 un traitement antir\u00e9troviral pour pr\u00e8s d\u2019un million de personnes (5,9\u00a0millions de Sud-Africains suivent un traitement contre le VIH et le pays compte environ 7,9\u00a0millions de personnes vivant avec le virus).<\/p>\n<p class=\"reading-mode-only \"><strong>Il vous reste 82.28% de cet article \u00e0 lire. La suite est r\u00e9serv\u00e9e aux abonn\u00e9s.<\/strong><\/p>\n","protected":false},"excerpt":{"rendered":"Une infirmi\u00e8re pr\u00e9l\u00e8ve un \u00e9chantillon de sang sur un enfant pour un test de d\u00e9pistage du VIH, dans&hellip;\n","protected":false},"author":2,"featured_media":263733,"comment_status":"","ping_status":"","sticky":false,"template":"","format":"standard","meta":{"footnotes":""},"categories":[10],"tags":[1011,27,72,71],"class_list":{"0":"post-263732","1":"post","2":"type-post","3":"status-publish","4":"format-standard","5":"has-post-thumbnail","7":"category-sante","8":"tag-fr","9":"tag-france","10":"tag-health","11":"tag-sante"},"share_on_mastodon":{"url":"https:\/\/pubeurope.com\/@fr\/114892135834368342","error":""},"_links":{"self":[{"href":"https:\/\/www.europesays.com\/fr\/wp-json\/wp\/v2\/posts\/263732","targetHints":{"allow":["GET"]}}],"collection":[{"href":"https:\/\/www.europesays.com\/fr\/wp-json\/wp\/v2\/posts"}],"about":[{"href":"https:\/\/www.europesays.com\/fr\/wp-json\/wp\/v2\/types\/post"}],"author":[{"embeddable":true,"href":"https:\/\/www.europesays.com\/fr\/wp-json\/wp\/v2\/users\/2"}],"replies":[{"embeddable":true,"href":"https:\/\/www.europesays.com\/fr\/wp-json\/wp\/v2\/comments?post=263732"}],"version-history":[{"count":0,"href":"https:\/\/www.europesays.com\/fr\/wp-json\/wp\/v2\/posts\/263732\/revisions"}],"wp:featuredmedia":[{"embeddable":true,"href":"https:\/\/www.europesays.com\/fr\/wp-json\/wp\/v2\/media\/263733"}],"wp:attachment":[{"href":"https:\/\/www.europesays.com\/fr\/wp-json\/wp\/v2\/media?parent=263732"}],"wp:term":[{"taxonomy":"category","embeddable":true,"href":"https:\/\/www.europesays.com\/fr\/wp-json\/wp\/v2\/categories?post=263732"},{"taxonomy":"post_tag","embeddable":true,"href":"https:\/\/www.europesays.com\/fr\/wp-json\/wp\/v2\/tags?post=263732"}],"curies":[{"name":"wp","href":"https:\/\/api.w.org\/{rel}","templated":true}]}}