{"id":263736,"date":"2025-07-21T16:21:13","date_gmt":"2025-07-21T16:21:13","guid":{"rendered":"https:\/\/www.europesays.com\/fr\/263736\/"},"modified":"2025-07-21T16:21:13","modified_gmt":"2025-07-21T16:21:13","slug":"arret-subit-du-soulier-de-satin-au-festival-davignon-et-la-cest-le-drame-liberation","status":"publish","type":"post","link":"https:\/\/www.europesays.com\/fr\/263736\/","title":{"rendered":"Arr\u00eat subit du \u00abSoulier de satin\u00bb au Festival d\u2019Avignon : et l\u00e0, c\u2019est le drame &#8211; Lib\u00e9ration"},"content":{"rendered":"<ol>\n<li><a href=\"https:\/\/news.google.com\/rss\/articles\/CBMi5AFBVV95cUxPTGg1QnppanJtZkt6U2g3Zkp3U0tVVkczeklLTWIxZ2RzanVNU0hPaXVqalFsLVlKU2xPUm4ya1VYZU5VWUJfVWtsU2NxdngwNkdYRmxsRXQ0cVVROGp3c08wWUk5WUxBQWpXblFONDZTalJ3WGN4eVNkYndibmcxbW9zUzNJdlZWNW5lRXNNZHJrdHp5RVI4ekNTVTJmYTZvSEdFX3pBbFFRTUtRY0Z2WHFRQzA0X3VEeFlsYVVxeHJrUmJITDh0TVBDVTdTSEZVSnFfNVdobWRJX0xJazhNRzc1SDY?oc=5\" target=\"_blank\" rel=\"noopener\">Arr\u00eat subit du \u00abSoulier de satin\u00bb au Festival d\u2019Avignon : et l\u00e0, c\u2019est le drame<\/a>&nbsp;&nbsp;Lib\u00e9ration<\/li>\n<li><a href=\"https:\/\/news.google.com\/rss\/articles\/CBMi0wFBVV95cUxNNjFpUXpTTzZOakFiZUZReER0M01hTXJEVFQwMUpfX0RiUXdxV3JpRkxpQmRLeXpabi1hT2hwQzhJM0F0LUNCd29ldTNldFRzeGhGb0NuVU1ONTFENGdCMWswaVdLT010VHlMNjJrNWRYb08xb00yYWVuZFhiNGt2QXFIdWJqejRTUGk2Y2RGSDBGZmR2VDA3c3pwcUsyVzF0ak1KUmVMUUNtY240ZU9xdE1tYXh6MzZESHh3MkdVU09FY1Juc0xWb0lXSVB4NnF1M1NZ?oc=5\" target=\"_blank\" rel=\"noopener\">Festival d\u2019Avignon : malgr\u00e9 l\u2019alerte m\u00e9t\u00e9o, les com\u00e9diens de Claudel reprennent Le Soulier de Satin<\/a>&nbsp;&nbsp;Le Figaro<\/li>\n<li><a href=\"https:\/\/news.google.com\/rss\/articles\/CBMiywFBVV95cUxNR0IwRWdqVmptZ3h5VVU5cWZtNlZWYURja2RJUWtXaVhBT0g0LVlTQzF0aVExQXNldU1iaEJqSUg4QzM3amdxLTJLNlVSM2xQWG8xY09ST2JKdi1TckpzMjRoQldlOGNyWDZjMTMxdE5oZXVULXk3VlZFTnI4LVR2WktTbjdnVFVwU3BpMEVBeVM5dzVGVngtWWZRbHJOM1VYSlVsRUl6dkM1dktVOFY0UE9Mb2FYUGUtbmtBQXM3R3lhUUNZUnBhVnV6cw?oc=5\" target=\"_blank\" rel=\"noopener\">Orages en Vaucluse : des repr\u00e9sentations \u00e9court\u00e9es par la pluie \u00e0 Avignon et \u00e0 Orange<\/a>&nbsp;&nbsp;francebleu.fr<\/li>\n<li><a href=\"https:\/\/news.google.com\/rss\/articles\/CBMi9gFBVV95cUxNSXdnZ3lCV284ZHFPUHFYNTdrZkU0TVRRU0VUWklNc3gxNmdta20tNFVjMHY2RkhfNDRHOWtOS2kwZ2lrY2NoaDc5MFFlbW9vUlU3UmYtU0xaR19mcmxFQ09nelJfYmIzZm1CcVNOWjdHMDNEYXlPNlBUM185N1ZsV2JuR0JhMVFhYVBXYjB0ZExkU3pXSU5KbnZvbjFjaTBKYTNSVFNPbVFSTW93WWFucm1UU0N2Um9tUE8xYTRfTHA5NnhCOFViclphM3FpR3U1a2ktb0dSdWpielVMQngzZl9lQmYyUUo2RjkyTkVmS3RldF9VYnc?oc=5\" target=\"_blank\" rel=\"noopener\">Festival d&rsquo;Avignon : \u00ab\u00a0Le soulier de satin \u00ab\u00a0, une nuit blanche et divine avec Claudel au palais des Papes<\/a>&nbsp;&nbsp;La Provence<\/li>\n<li><a href=\"https:\/\/news.google.com\/rss\/articles\/CBMilgFBVV95cUxOaTlUTVpISkl3dUptV29ITUp3LXBtZnF4bnFqQWN0VWI2cmpXNUEtc2hVVUdTRmdXeUN2V1JTbi1kMV9ZaU4tQThpMXdsTFl5MXY4My1qQWhIbXNQbVVxQ0hqRmZLU0dBNXRnOVNKRThlSWxjOXNtbGNiZ2FwUXUtMUkzazBKMDNzUkdnMkhrYkd4TDhZLUE?oc=5\" target=\"_blank\" rel=\"noopener\">\u201cLe Soulier de satin\u201d, 8 heures avec entracte: \u00ab\u00a0exceptionnel\u00a0\u00bb pour les uns, des monologues trop longs pour d&rsquo;autres<\/a>&nbsp;&nbsp;Le Dauphin\u00e9 Lib\u00e9r\u00e9<\/li>\n<\/ol>\n","protected":false},"excerpt":{"rendered":"Arr\u00eat subit du \u00abSoulier de satin\u00bb au Festival d\u2019Avignon : et l\u00e0, c\u2019est le drame&nbsp;&nbsp;Lib\u00e9ration Festival d\u2019Avignon :&hellip;\n","protected":false},"author":2,"featured_media":263737,"comment_status":"","ping_status":"","sticky":false,"template":"","format":"standard","meta":{"footnotes":""},"categories":[8],"tags":[6184,58,59,36980,1011,27],"class_list":{"0":"post-263736","1":"post","2":"type-post","3":"status-publish","4":"format-standard","5":"has-post-thumbnail","7":"category-divertissement","8":"tag-avignon","9":"tag-divertissement","10":"tag-entertainment","11":"tag-festival-d-avignon","12":"tag-fr","13":"tag-france"},"share_on_mastodon":{"url":"https:\/\/pubeurope.com\/@fr\/114892143520643617","error":""},"_links":{"self":[{"href":"https:\/\/www.europesays.com\/fr\/wp-json\/wp\/v2\/posts\/263736","targetHints":{"allow":["GET"]}}],"collection":[{"href":"https:\/\/www.europesays.com\/fr\/wp-json\/wp\/v2\/posts"}],"about":[{"href":"https:\/\/www.europesays.com\/fr\/wp-json\/wp\/v2\/types\/post"}],"author":[{"embeddable":true,"href":"https:\/\/www.europesays.com\/fr\/wp-json\/wp\/v2\/users\/2"}],"replies":[{"embeddable":true,"href":"https:\/\/www.europesays.com\/fr\/wp-json\/wp\/v2\/comments?post=263736"}],"version-history":[{"count":0,"href":"https:\/\/www.europesays.com\/fr\/wp-json\/wp\/v2\/posts\/263736\/revisions"}],"wp:featuredmedia":[{"embeddable":true,"href":"https:\/\/www.europesays.com\/fr\/wp-json\/wp\/v2\/media\/263737"}],"wp:attachment":[{"href":"https:\/\/www.europesays.com\/fr\/wp-json\/wp\/v2\/media?parent=263736"}],"wp:term":[{"taxonomy":"category","embeddable":true,"href":"https:\/\/www.europesays.com\/fr\/wp-json\/wp\/v2\/categories?post=263736"},{"taxonomy":"post_tag","embeddable":true,"href":"https:\/\/www.europesays.com\/fr\/wp-json\/wp\/v2\/tags?post=263736"}],"curies":[{"name":"wp","href":"https:\/\/api.w.org\/{rel}","templated":true}]}}