{"id":263742,"date":"2025-07-21T16:25:11","date_gmt":"2025-07-21T16:25:11","guid":{"rendered":"https:\/\/www.europesays.com\/fr\/263742\/"},"modified":"2025-07-21T16:25:11","modified_gmt":"2025-07-21T16:25:11","slug":"a-gaza-les-distributions-de-nourriture-virent-au-massacre","status":"publish","type":"post","link":"https:\/\/www.europesays.com\/fr\/263742\/","title":{"rendered":"\u00c0 Gaza, les distributions de nourriture virent au massacre"},"content":{"rendered":"<p><strong>R\u00c9CIT<\/strong> &#8211; Plus de 120 Palestiniens ont \u00e9t\u00e9 tu\u00e9s par l\u2019arm\u00e9e isra\u00e9lienne ces derniers jours en s\u2019approchant d\u2019un site d\u2019aide alimentaire, soutenu par les \u00c9tats-Unis.<\/p>\n<p class=\"fig-paragraph\">Dix Palestiniens tu\u00e9s vendredi alors qu\u2019ils tentaient d\u2019obtenir de l\u2019aide humanitaire, 26 autres samedi, et\u00a0<a href=\"http:\/\/www.lefigaro.fr\/international\/gaza-93-palestiniens-recuperant-de-l-aide-humanitaire-tues-par-des-tirs-israeliens-20250721\" target=\"_blank\" data-fig-type=\"NewsFlash\" rel=\"noopener nofollow\" data-gtm-custom-categorie=\"navigation\" data-gtm-custom-action=\"crossclick\" data-gtm-custom-label=\"Contextuel\" data-gtm-event=\"customEventSPE\" data-fig-domain=\"LEFIGARO\">93 dimanche<\/a>\u00a0: le bilan ne cesse de s\u2019alourdir \u00e0 Gaza, o\u00f9 des dizaines de milliers d\u2019habitants de l\u2019enclave en qu\u00eate de nourriture jouent chaque jour leur survie.<\/p>\n<p class=\"fig-paragraph\">Apr\u00e8s plus de vingt mois de bombardements isra\u00e9liens, en riposte \u00e0 l\u2019attaque terroriste du\u00a0<a href=\"http:\/\/www.lefigaro.fr\/international\/comment-le-hamas-a-organise-dans-le-plus-grand-secret-son-attaque-contre-israel-20231226\" target=\"_blank\" data-fig-type=\"Article\" rel=\"noopener nofollow\" data-gtm-custom-categorie=\"navigation\" data-gtm-custom-action=\"crossclick\" data-gtm-custom-label=\"Contextuel\" data-gtm-event=\"customEventSPE\" data-fig-domain=\"LEFIGARO\">Hamas<\/a>\u00a0le 7\u00a0octobre 2023 qui tua plus de 1200 Isra\u00e9liens, en majorit\u00e9 des civils, la\u00a0<a href=\"http:\/\/www.lefigaro.fr\/international\/deplacement-de-population-societes-militaires-privees-pourquoi-la-nouvelle-fondation-humanitaire-de-gaza-fait-polemique-20250527\" target=\"_blank\" data-fig-type=\"Article\" rel=\"noopener nofollow\" data-gtm-custom-categorie=\"navigation\" data-gtm-custom-action=\"crossclick\" data-gtm-custom-label=\"Contextuel\" data-gtm-event=\"customEventSPE\" data-fig-domain=\"LEFIGARO\">Fondation humanitaire de Gaza<\/a>\u00a0(GHF), soutenue par les \u00c9tats-Unis et Isra\u00ebl, est au centre de toutes les critiques. Elle a commenc\u00e9 ses op\u00e9rations fin mai, apr\u00e8s un blocus humanitaire total de plus de deux mois, impos\u00e9 par l\u2019\u00c9tat h\u00e9breu en d\u00e9pit des avertissements de l\u2019ONU et d\u2019ONG sur un risque imminent de famine auquel s\u2019ajoute maintenant une pouss\u00e9e de malnutrition chez les femmes enceintes.<\/p>\n<p class=\"fig-paragraph\">Apr\u00e8s plusieurs semaines marqu\u00e9es par des sc\u00e8nes de chaos, la GHF a reconnu la semaine derni\u00e8re la mort de 20\u00a0personnes dans une bousculade sur l\u2019un de ses\u2026<\/p>\n<p class=\"fig-premium-paywall__infos\">\n        Cet article est r\u00e9serv\u00e9 aux abonn\u00e9s.        Il vous reste 83% \u00e0 d\u00e9couvrir.\n    <\/p>\n<p>                <img  data- alt=\"Le Figaro\" class=\"fig-img--complete fig-img\"\/><\/p>\n<p class=\"fig-premium-paywall__title\">Vous avez envie de lire la suite ?<\/p>\n<p class=\"fig-premium-paywall__subtitle\">D\u00e9bloquez tous les articles imm\u00e9diatement.<\/p>\n<p class=\"fig-premium-paywall__connect\">\n                D\u00e9j\u00e0 abonn\u00e9\u00a0?                <a class=\"fig-premium-paywall__connect-link\" href=\"https:\/\/connect.lefigaro.fr\/login?client=horizon_web&amp;type=main&amp;redirect_uri=https%3A%2F%2Fwww.lefigaro.fr%2Finternational%2Fa-gaza-les-distributions-de-nourriture-virent-au-massacre-20250721\" data-js-gtm=\"{&quot;customCategorie&quot;: &quot;conversion&quot;, &quot;customAction&quot;: &quot;before_Landing_Connexion_paywall_auto&quot;, &quot;customLabel&quot;: &quot;bGVmaWdhcm8uZnJfXzFmMDY2MzNmLTMzN2ItNjYwNi1hZWFjLTJiODJlZDcyNzlkM19fQXJ0aWNsZQ==_\u00c0 Gaza, les distributions de nourriture virent au massacre_155&quot;, &quot;customIDSPE&quot;: &quot;bGVmaWdhcm8uZnJfXzFmMDY2MzNmLTMzN2ItNjYwNi1hZWFjLTJiODJlZDcyNzlkM19fQXJ0aWNsZQ==&quot;, &quot;event&quot;: &quot;customEventSPE&quot;}\" rel=\"nofollow noopener\" target=\"_blank\"><br \/>\n                    Connectez-vous<br \/>\n                <\/a>\n            <\/p>\n","protected":false},"excerpt":{"rendered":"R\u00c9CIT &#8211; Plus de 120 Palestiniens ont \u00e9t\u00e9 tu\u00e9s par l\u2019arm\u00e9e isra\u00e9lienne ces derniers jours en s\u2019approchant d\u2019un&hellip;\n","protected":false},"author":2,"featured_media":263743,"comment_status":"","ping_status":"","sticky":false,"template":"","format":"standard","meta":{"footnotes":""},"categories":[5],"tags":[11,1011,27,665,3519,14,664,12,28],"class_list":{"0":"post-263742","1":"post","2":"type-post","3":"status-publish","4":"format-standard","5":"has-post-thumbnail","7":"category-international","8":"tag-actualites","9":"tag-fr","10":"tag-france","11":"tag-gaza","12":"tag-hamas","13":"tag-international","14":"tag-israel","15":"tag-news","16":"tag-world"},"share_on_mastodon":{"url":"","error":""},"_links":{"self":[{"href":"https:\/\/www.europesays.com\/fr\/wp-json\/wp\/v2\/posts\/263742","targetHints":{"allow":["GET"]}}],"collection":[{"href":"https:\/\/www.europesays.com\/fr\/wp-json\/wp\/v2\/posts"}],"about":[{"href":"https:\/\/www.europesays.com\/fr\/wp-json\/wp\/v2\/types\/post"}],"author":[{"embeddable":true,"href":"https:\/\/www.europesays.com\/fr\/wp-json\/wp\/v2\/users\/2"}],"replies":[{"embeddable":true,"href":"https:\/\/www.europesays.com\/fr\/wp-json\/wp\/v2\/comments?post=263742"}],"version-history":[{"count":0,"href":"https:\/\/www.europesays.com\/fr\/wp-json\/wp\/v2\/posts\/263742\/revisions"}],"wp:featuredmedia":[{"embeddable":true,"href":"https:\/\/www.europesays.com\/fr\/wp-json\/wp\/v2\/media\/263743"}],"wp:attachment":[{"href":"https:\/\/www.europesays.com\/fr\/wp-json\/wp\/v2\/media?parent=263742"}],"wp:term":[{"taxonomy":"category","embeddable":true,"href":"https:\/\/www.europesays.com\/fr\/wp-json\/wp\/v2\/categories?post=263742"},{"taxonomy":"post_tag","embeddable":true,"href":"https:\/\/www.europesays.com\/fr\/wp-json\/wp\/v2\/tags?post=263742"}],"curies":[{"name":"wp","href":"https:\/\/api.w.org\/{rel}","templated":true}]}}