{"id":263746,"date":"2025-07-21T16:27:10","date_gmt":"2025-07-21T16:27:10","guid":{"rendered":"https:\/\/www.europesays.com\/fr\/263746\/"},"modified":"2025-07-21T16:27:10","modified_gmt":"2025-07-21T16:27:10","slug":"ledition-2025-retrouve-son-public-avec-ses-trois-dernieres-soirees-affichant-complet","status":"publish","type":"post","link":"https:\/\/www.europesays.com\/fr\/263746\/","title":{"rendered":"l&rsquo;\u00e9dition 2025 retrouve son public avec ses trois derni\u00e8res soir\u00e9es affichant complet"},"content":{"rendered":"<p>La 33e \u00e9dition du festival breton est une belle r\u00e9ussite. Quelque 264 000 personnes se sont mass\u00e9es pour suivre cet \u00e9v\u00e9nement \u00e0 Carhaix. Apr\u00e8s les nombreuses alertes d\u2019annulations, le public a r\u00e9pondu pr\u00e9sent, ce qui nourrit de l\u2019espoir pour les prochaines ann\u00e9es.<\/p>\n<p class=\"fig-paragraph\">L&rsquo;\u00e9dition 2025 des Vieilles Charrues, longtemps menac\u00e9e d\u2019\u00eatre\u00a0<a href=\"http:\/\/www.lefigaro.fr\/musique\/le-festival-des-vieilles-charrues-trouve-un-accord-de-principe-avec-la-mairie-de-carhaix-20241016\" data-fig-type=\"NewsFlash\" data-gtm-custom-categorie=\"navigation\" data-gtm-custom-action=\"crossclick\" data-gtm-custom-label=\"Contextuel\" data-gtm-event=\"customEventSPE\" data-fig-domain=\"LEFIGARO\" rel=\"nofollow noopener\" target=\"_blank\">annul\u00e9e,<\/a>\u00a0fera date. D\u2019abord avec\u00a0<a href=\"http:\/\/www.lefigaro.fr\/musique\/le-dj-martin-solveig-annonce-prendre-sa-retraite-sur-la-scene-des-vieilles-charrues-20250720\" data-fig-type=\"NewsFlash\" data-gtm-custom-categorie=\"navigation\" data-gtm-custom-action=\"crossclick\" data-gtm-custom-label=\"Contextuel\" data-gtm-event=\"customEventSPE\" data-fig-domain=\"LEFIGARO\" rel=\"nofollow noopener\" target=\"_blank\">l&rsquo;annonce des adieux de la sc\u00e8ne du DJ fran\u00e7ais, Martin Solveig<\/a>. Mais aussi, parce que le directeur de la manifestation a annonc\u00e9 que le budget du festival allait \u00eatre \u00ab\u00a0\u00e0 l\u2019\u00e9quilibre, voire en positif\u00bb. Cette 33e\u00a0\u00e9dition a rassembl\u00e9 264\u00a0000 spectateurs en quatre jours, dont environ 220\u00a0000 entr\u00e9es payantes, ont annonc\u00e9 les organisateurs dimanche \u00e0 quelques heures de la cl\u00f4ture, apr\u00e8s trois soirs affichant complet vendredi, samedi et dimanche.<\/p>\n<p class=\"fig-paragraph\">La vente de billets a mis quelque temps \u00e0 d\u00e9coller mais a finalement a connu \u00ab\u00a0une acc\u00e9l\u00e9ration fulgurante de la billetterie dans les deux derni\u00e8res semaines\u00a0\u00bb, a pr\u00e9cis\u00e9\u00a0<a href=\"http:\/\/www.lefigaro.fr\/musique\/jerome-trehorel-10-ans-de-passion-a-creuser-le-sillon-des-vieilles-charrues-20220714\" data-fig-type=\"NewsFlash\" data-gtm-custom-categorie=\"navigation\" data-gtm-custom-action=\"crossclick\" data-gtm-custom-label=\"Contextuel\" data-gtm-event=\"customEventSPE\" data-fig-domain=\"LEFIGARO\" rel=\"nofollow noopener\" target=\"_blank\">J\u00e9r\u00f4me Tr\u00e9horel,<\/a>\u00a0le directeur de l&rsquo;association qui organise le festival. Apr\u00e8s le d\u00e9ficit de la pr\u00e9c\u00e9dente \u00e9dition \u00e0 hauteur d&rsquo;un million d&rsquo;euros et une fr\u00e9quentation moindre (250\u00a0000 spectateurs), c&rsquo;est un soulagement pour les organisateurs\u00a0: \u00ab\u00a0on sera \u00e0 l&rsquo;\u00e9quilibre voire en positif ce qui est d\u00e9j\u00e0 une tr\u00e8s bonne nouvelle\u00a0\u00bb, a-t-il ajout\u00e9. \u00abLa magie a encore op\u00e9r\u00e9\u00bb, s&rsquo;est \u00e9galement f\u00e9licit\u00e9 le pr\u00e9sident b\u00e9n\u00e9vole de l&rsquo;\u00e9v\u00e9nement, Jean-Luc Martin. Les organisateurs ont annonc\u00e9 les dates de la 34e \u00e9dition, qui se tiendra du 16 au 19 juillet 2026.<\/p>\n<p>                                    <a class=\"fig-a11y-skip a11y-hidden\" href=\"#fig-a11y-skip-main-inarticle\"><br \/>\n        Passer la publicit\u00e9<br \/>\n    <\/a><\/p>\n<p class=\"fig-paragraph\">Au printemps 2024, les relations entre le maire de Carhaix Christian Troadec (divers gauche) et le festival s&rsquo;\u00e9taient\u00a0<a href=\"http:\/\/www.lefigaro.fr\/musique\/le-bras-de-fer-entre-les-organisateurs-des-vieilles-charrues-et-les-elus-de-carhaix-menace-le-festival-20240423\" data-fig-type=\"Article\" data-gtm-custom-categorie=\"navigation\" data-gtm-custom-action=\"crossclick\" data-gtm-custom-label=\"Contextuel\" data-gtm-event=\"customEventSPE\" data-fig-domain=\"LEFIGARO\" rel=\"nofollow noopener\" target=\"_blank\">tellement tendues<\/a>\u00a0que l&rsquo;association organisatrice avait\u00a0<a href=\"http:\/\/www.lefigaro.fr\/musique\/les-vieilles-charrues-dans-la-tourmente-l-edition-2024-pourrait-bien-etre-la-derniere-20240619\" data-fig-type=\"Article\" data-gtm-custom-categorie=\"navigation\" data-gtm-custom-action=\"crossclick\" data-gtm-custom-label=\"Contextuel\" data-gtm-event=\"customEventSPE\" data-fig-domain=\"LEFIGARO\" rel=\"nofollow noopener\" target=\"_blank\">menac\u00e9 d&rsquo;annuler<\/a>\u00a0le festival. Le festival des Vieilles Charrues se pr\u00e9sente comme le deuxi\u00e8me plus gros festival musical de France, apr\u00e8s le Hellfest (280\u00a0000 spectateurs en juin).<\/p>\n<p class=\"fig-paragraph\">Ben Mazu\u00e9,\u00a0<a href=\"http:\/\/www.lefigaro.fr\/musique\/zaho-de-sagazan-devient-une-star-au-bresil-grace-a-une-telenovela-20250428\" data-fig-type=\"Article\" data-gtm-custom-categorie=\"navigation\" data-gtm-custom-action=\"crossclick\" data-gtm-custom-label=\"Contextuel\" data-gtm-event=\"customEventSPE\" data-fig-domain=\"LEFIGARO\" rel=\"nofollow noopener\" target=\"_blank\">Zaho de Sagazan,<\/a>\u00a0<a href=\"http:\/\/www.lefigaro.fr\/musique\/avant-oasis-des-spice-girls-aux-sex-pistols-les-reformations-a-plein-volume-20240827\" data-fig-type=\"NewsFlash\" data-gtm-custom-categorie=\"navigation\" data-gtm-custom-action=\"crossclick\" data-gtm-custom-label=\"Contextuel\" data-gtm-event=\"customEventSPE\" data-fig-domain=\"LEFIGARO\" rel=\"nofollow noopener\" target=\"_blank\">Sex Pistols,<\/a>\u00a0<a href=\"http:\/\/www.lefigaro.fr\/musique\/j-ai-menti-damso-signe-son-grand-retour-avec-un-nouvel-album-20241104\" data-fig-type=\"Article\" data-gtm-custom-categorie=\"navigation\" data-gtm-custom-action=\"crossclick\" data-gtm-custom-label=\"Contextuel\" data-gtm-event=\"customEventSPE\" data-fig-domain=\"LEFIGARO\" rel=\"nofollow noopener\" target=\"_blank\">Damso,<\/a>\u00a0Kompromat et\u00a0<a href=\"http:\/\/www.lefigaro.fr\/musique\/ofenbach-c-est-un-privilege-d-avoir-notre-musique-ecoutee-a-travers-le-monde-20240429\" data-fig-type=\"Article\" data-gtm-custom-categorie=\"navigation\" data-gtm-custom-action=\"crossclick\" data-gtm-custom-label=\"Contextuel\" data-gtm-event=\"customEventSPE\" data-fig-domain=\"LEFIGARO\" rel=\"nofollow noopener\" target=\"_blank\">Ofenbach<\/a>\u00a0comptaient parmi les t\u00eates d\u2019affiche de la derni\u00e8re soir\u00e9e, dimanche. La veille, le DJ fran\u00e7ais Martin Solveig a cr\u00e9\u00e9 la surprise en annon\u00e7ant ses adieux \u00e0 la sc\u00e8ne lors d&rsquo;un concert devant 70\u00a0000 personnes, son unique date de l\u2019ann\u00e9e.<\/p>\n","protected":false},"excerpt":{"rendered":"La 33e \u00e9dition du festival breton est une belle r\u00e9ussite. Quelque 264 000 personnes se sont mass\u00e9es pour&hellip;\n","protected":false},"author":2,"featured_media":263747,"comment_status":"","ping_status":"","sticky":false,"template":"","format":"standard","meta":{"footnotes":""},"categories":[2],"tags":[11,829,849,1011,27,40319,12],"class_list":{"0":"post-263746","1":"post","2":"type-post","3":"status-publish","4":"format-standard","5":"has-post-thumbnail","7":"category-actualites","8":"tag-actualites","9":"tag-bretagne","10":"tag-festival","11":"tag-fr","12":"tag-france","13":"tag-les-vieilles-charrues","14":"tag-news"},"share_on_mastodon":{"url":"https:\/\/pubeurope.com\/@fr\/114892167210780842","error":""},"_links":{"self":[{"href":"https:\/\/www.europesays.com\/fr\/wp-json\/wp\/v2\/posts\/263746","targetHints":{"allow":["GET"]}}],"collection":[{"href":"https:\/\/www.europesays.com\/fr\/wp-json\/wp\/v2\/posts"}],"about":[{"href":"https:\/\/www.europesays.com\/fr\/wp-json\/wp\/v2\/types\/post"}],"author":[{"embeddable":true,"href":"https:\/\/www.europesays.com\/fr\/wp-json\/wp\/v2\/users\/2"}],"replies":[{"embeddable":true,"href":"https:\/\/www.europesays.com\/fr\/wp-json\/wp\/v2\/comments?post=263746"}],"version-history":[{"count":0,"href":"https:\/\/www.europesays.com\/fr\/wp-json\/wp\/v2\/posts\/263746\/revisions"}],"wp:featuredmedia":[{"embeddable":true,"href":"https:\/\/www.europesays.com\/fr\/wp-json\/wp\/v2\/media\/263747"}],"wp:attachment":[{"href":"https:\/\/www.europesays.com\/fr\/wp-json\/wp\/v2\/media?parent=263746"}],"wp:term":[{"taxonomy":"category","embeddable":true,"href":"https:\/\/www.europesays.com\/fr\/wp-json\/wp\/v2\/categories?post=263746"},{"taxonomy":"post_tag","embeddable":true,"href":"https:\/\/www.europesays.com\/fr\/wp-json\/wp\/v2\/tags?post=263746"}],"curies":[{"name":"wp","href":"https:\/\/api.w.org\/{rel}","templated":true}]}}