{"id":263748,"date":"2025-07-21T16:28:10","date_gmt":"2025-07-21T16:28:10","guid":{"rendered":"https:\/\/www.europesays.com\/fr\/263748\/"},"modified":"2025-07-21T16:28:10","modified_gmt":"2025-07-21T16:28:10","slug":"saint-etienne-il-grille-un-feu-rouge-et-prend-tous-les-risques-pour-echapper-a-la-police","status":"publish","type":"post","link":"https:\/\/www.europesays.com\/fr\/263748\/","title":{"rendered":"Saint-\u00c9tienne. Il grille un feu rouge et prend tous les risques pour \u00e9chapper \u00e0 la police"},"content":{"rendered":"<p>Il a pris des risques inconsid\u00e9r\u00e9s. Il a mis sa vie en danger mais aussi celles des policiers qui l\u2019ont pris en chasse ce 19\u00a0juillet, vers 19 heures, dans le quartier de Ch\u00e2teaucreux \u00e0 Saint-Etienne. Il est environ 19 heures quand un \u00e9quipage de la Section d\u2019intervention rep\u00e8re le conducteur d\u2019une Renault Laguna qui vient de griller un feu rouge, esplanade de France, \u00e0 proximit\u00e9 du parvis de la gare.<\/p>\n<p>  1,36 gramme par litre de sang<\/p>\n<p>Les fonctionnaires d\u00e9cident de rattraper l\u2019individu \u00e0 un autre feu rouge, un peu plus loin, et lui signifient l\u2019infraction, lui demandant de stationner son v\u00e9hicule sur le c\u00f4t\u00e9 pour qu\u2019il soit contr\u00f4l\u00e9. Mais alors que le feu passe au vert, l\u2019homme refuse d\u2019obtemp\u00e9rer et prend la poudre d\u2019escampette \u00e0 grande vitesse. Dans sa fuite, il va griller un second feu rouge, emprunter une rue en sens interdit, rouler sur un trottoir et m\u00eame sur les voies du tramway.<\/p>\n<p>Fort heureusement, aucun accident et aucune victime n\u2019est \u00e0 d\u00e9plorer mais c\u2019est un \u00ab\u00a0petit miracle\u00a0\u00bb comme l\u2019explique cette source polici\u00e8re. Finalement, l\u2019homme \u00e2g\u00e9 de 42 ans et originaire de Saint-Etienne sera finalement alors qu\u2019il s\u2019est engag\u00e9 dans l\u2019impasse du Monteil, \u00e0 quelques encablures du quartier du Soleil. Le d\u00e9pistage d\u2019alcool\u00e9mie est positif et indique la pr\u00e9sence de 1,36 gramme d\u2019alcool par litre de sang.<\/p>\n<p>En \u00e9tat de r\u00e9cidive, il sera convoqu\u00e9 dans les prochains jours devant la justice pour une comparution sur reconnaissance pr\u00e9alable de culpabilit\u00e9. Il devra r\u00e9pondre de ses actes pour refus d\u2019obtemp\u00e9rer aggrav\u00e9 et conduite sous l\u2019empire d\u2019un \u00e9tat alcoolique en r\u00e9cidive.<\/p>\n","protected":false},"excerpt":{"rendered":"Il a pris des risques inconsid\u00e9r\u00e9s. Il a mis sa vie en danger mais aussi celles des policiers&hellip;\n","protected":false},"author":2,"featured_media":263749,"comment_status":"","ping_status":"","sticky":false,"template":"","format":"standard","meta":{"footnotes":""},"categories":[9653],"tags":[1111,11,2430,271,272,7539,1777,674,274,1011,27,3367,12,25,4001,7538,104,2803],"class_list":{"0":"post-263748","1":"post","2":"type-post","3":"status-publish","4":"format-standard","5":"has-post-thumbnail","7":"category-saint-etienne","8":"tag-actu","9":"tag-actualites","10":"tag-auvergne-rhone-alpes","11":"tag-crime","12":"tag-delit-et-contravention","13":"tag-edition-loire-sud","14":"tag-eu","15":"tag-europe","16":"tag-faits-divers-justice","17":"tag-fr","18":"tag-france","19":"tag-loire","20":"tag-news","21":"tag-republique-francaise","22":"tag-saint-etienne","23":"tag-saint-etienne-ville","24":"tag-societe","25":"tag-transport"},"share_on_mastodon":{"url":"https:\/\/pubeurope.com\/@fr\/114892171055158415","error":""},"_links":{"self":[{"href":"https:\/\/www.europesays.com\/fr\/wp-json\/wp\/v2\/posts\/263748","targetHints":{"allow":["GET"]}}],"collection":[{"href":"https:\/\/www.europesays.com\/fr\/wp-json\/wp\/v2\/posts"}],"about":[{"href":"https:\/\/www.europesays.com\/fr\/wp-json\/wp\/v2\/types\/post"}],"author":[{"embeddable":true,"href":"https:\/\/www.europesays.com\/fr\/wp-json\/wp\/v2\/users\/2"}],"replies":[{"embeddable":true,"href":"https:\/\/www.europesays.com\/fr\/wp-json\/wp\/v2\/comments?post=263748"}],"version-history":[{"count":0,"href":"https:\/\/www.europesays.com\/fr\/wp-json\/wp\/v2\/posts\/263748\/revisions"}],"wp:featuredmedia":[{"embeddable":true,"href":"https:\/\/www.europesays.com\/fr\/wp-json\/wp\/v2\/media\/263749"}],"wp:attachment":[{"href":"https:\/\/www.europesays.com\/fr\/wp-json\/wp\/v2\/media?parent=263748"}],"wp:term":[{"taxonomy":"category","embeddable":true,"href":"https:\/\/www.europesays.com\/fr\/wp-json\/wp\/v2\/categories?post=263748"},{"taxonomy":"post_tag","embeddable":true,"href":"https:\/\/www.europesays.com\/fr\/wp-json\/wp\/v2\/tags?post=263748"}],"curies":[{"name":"wp","href":"https:\/\/api.w.org\/{rel}","templated":true}]}}