{"id":263750,"date":"2025-07-21T16:29:11","date_gmt":"2025-07-21T16:29:11","guid":{"rendered":"https:\/\/www.europesays.com\/fr\/263750\/"},"modified":"2025-07-21T16:29:11","modified_gmt":"2025-07-21T16:29:11","slug":"saint-etienne-ils-reprennent-le-mouton-a-5-pattes-et-veulent-en-faire-un-lieu-associatif-et-artistique","status":"publish","type":"post","link":"https:\/\/www.europesays.com\/fr\/263750\/","title":{"rendered":"Saint-\u00c9tienne. Ils reprennent Le Mouton \u00e0 5 pattes et veulent en faire un lieu associatif et artistique"},"content":{"rendered":"<p>Au d\u00e9part, Thierry Rohr et son \u00e9pouse recherchaient \u00e0 Saint-\u00c9tienne une maison avec jardin.<\/p>\n<p>Finalement, ils ont eu un coup de c\u0153ur pour l\u2019in\u00e9vitable b\u00e2tisse du XVIe \u00a0si\u00e8cle du 4 de la rue du Th\u00e9\u00e2tre. Pas de jardin, mais une cour int\u00e9rieure lumineuse, entour\u00e9e d\u2019escaliers en pierres qui desservent trois \u00e9tages et une multitude de pi\u00e8ces, pour autant de perles \u00e0 visiter.<\/p>\n<p>Des cours de th\u00e9\u00e2tre et un caf\u00e9 associatif<\/p>\n<p>\u00ab\u00a0Au d\u00e9part, nous pensions faire une chambre&#8230;<\/p>\n","protected":false},"excerpt":{"rendered":"Au d\u00e9part, Thierry Rohr et son \u00e9pouse recherchaient \u00e0 Saint-\u00c9tienne une maison avec jardin. Finalement, ils ont eu&hellip;\n","protected":false},"author":2,"featured_media":263751,"comment_status":"","ping_status":"","sticky":false,"template":"","format":"standard","meta":{"footnotes":""},"categories":[9653],"tags":[1111,11,2430,7539,1777,674,1011,27,12,25,4001,7538,104,1631],"class_list":{"0":"post-263750","1":"post","2":"type-post","3":"status-publish","4":"format-standard","5":"has-post-thumbnail","7":"category-saint-etienne","8":"tag-actu","9":"tag-actualites","10":"tag-auvergne-rhone-alpes","11":"tag-edition-loire-sud","12":"tag-eu","13":"tag-europe","14":"tag-fr","15":"tag-france","16":"tag-news","17":"tag-republique-francaise","18":"tag-saint-etienne","19":"tag-saint-etienne-ville","20":"tag-societe","21":"tag-vie-associative"},"share_on_mastodon":{"url":"https:\/\/pubeurope.com\/@fr\/114892175023750343","error":""},"_links":{"self":[{"href":"https:\/\/www.europesays.com\/fr\/wp-json\/wp\/v2\/posts\/263750","targetHints":{"allow":["GET"]}}],"collection":[{"href":"https:\/\/www.europesays.com\/fr\/wp-json\/wp\/v2\/posts"}],"about":[{"href":"https:\/\/www.europesays.com\/fr\/wp-json\/wp\/v2\/types\/post"}],"author":[{"embeddable":true,"href":"https:\/\/www.europesays.com\/fr\/wp-json\/wp\/v2\/users\/2"}],"replies":[{"embeddable":true,"href":"https:\/\/www.europesays.com\/fr\/wp-json\/wp\/v2\/comments?post=263750"}],"version-history":[{"count":0,"href":"https:\/\/www.europesays.com\/fr\/wp-json\/wp\/v2\/posts\/263750\/revisions"}],"wp:featuredmedia":[{"embeddable":true,"href":"https:\/\/www.europesays.com\/fr\/wp-json\/wp\/v2\/media\/263751"}],"wp:attachment":[{"href":"https:\/\/www.europesays.com\/fr\/wp-json\/wp\/v2\/media?parent=263750"}],"wp:term":[{"taxonomy":"category","embeddable":true,"href":"https:\/\/www.europesays.com\/fr\/wp-json\/wp\/v2\/categories?post=263750"},{"taxonomy":"post_tag","embeddable":true,"href":"https:\/\/www.europesays.com\/fr\/wp-json\/wp\/v2\/tags?post=263750"}],"curies":[{"name":"wp","href":"https:\/\/api.w.org\/{rel}","templated":true}]}}