{"id":263754,"date":"2025-07-21T16:32:23","date_gmt":"2025-07-21T16:32:23","guid":{"rendered":"https:\/\/www.europesays.com\/fr\/263754\/"},"modified":"2025-07-21T16:32:23","modified_gmt":"2025-07-21T16:32:23","slug":"le-son-et-lumiere-impacte-par-une-panne-majeure","status":"publish","type":"post","link":"https:\/\/www.europesays.com\/fr\/263754\/","title":{"rendered":"le son et lumi\u00e8re impact\u00e9 par \u00ab\u00a0une panne majeure\u00a0\u00bb"},"content":{"rendered":"<p>            Par<br \/>\n        <strong><br \/>\n            <a href=\"https:\/\/actu.fr\/auteur\/pierre-emile-bouchy-actu-fr\" title=\"Consulter tous les articles de Paul-Emile Bouchy\" target=\"_blank\" rel=\"noopener\">Paul-Emile Bouchy<\/a><br \/>\n        <\/strong><\/p>\n<p>        Publi\u00e9 le<\/p>\n<p>            21 juil. 2025 \u00e0 18h25        <\/p>\n<p>Jusqu\u2019au 14\u00a0septembre 2025, le <strong>vid\u00e9o-mapping \u00ab\u2009La Belle Saison\u2009\u00bb<\/strong> est projet\u00e9 gratuitement tous les soirs sur la <a href=\"https:\/\/actu.fr\/tag\/place-stanislas\" target=\"_blank\" rel=\"noopener\">place Stanislas<\/a> \u00e0 <strong>Nancy<\/strong> (Meurthe-et-Moselle).<\/p>\n<p class=\" wall-content\">Alors que toutes les majestueuses fa\u00e7ades de la place font partie du d\u00e9cor de <a href=\"https:\/\/actu.fr\/grand-est\/nancy_54395\/nouveau-son-et-lumiere-place-stanislas-a-nancy-on-vous-dit-tout-de-l-edition-2025_62772116.html\" target=\"_blank\" rel=\"noopener\">ce nouveau son et lumi\u00e8re<\/a>, un <strong>probl\u00e8me technique<\/strong> impacte le spectacle depuis le samedi 19\u00a0juillet.<\/p>\n<p>Pas de projection sur la fa\u00e7ade de l\u2019Op\u00e9ra<\/p>\n<p class=\" wall-content\">Ces derniers soirs, les spectateurs ont sans doute \u00e9t\u00e9 surpris de voir que <strong>la projection du son et lumi\u00e8re \u00e9tait incompl\u00e8te<\/strong>. En effet, <strong>une partie du spectacle n\u2019est plus diffus\u00e9e sur la fa\u00e7ade de l\u2019Op\u00e9ra national de Lorraine<\/strong>.<\/p>\n<p class=\" wall-content\">Contact\u00e9e, la Ville de Nancy explique que cela est li\u00e9 \u00e0 <strong>une panne majeure d\u2019un des vid\u00e9oprojecteurs<\/strong>\u2009: \u00ab\u2009Il doit \u00eatre remplac\u00e9 au plus vite. On ne sait pas encore quand cela sera fait, mais \u00e7a ne sera pas r\u00e9solu pour ce (lundi) soir.\u2009\u00bb<\/p>\n<p>Vid\u00e9os : en ce moment sur ActuLe spectacle toujours projet\u00e9 place Stanislas<\/p>\n<p class=\" wall-content\">En revanche, cela ne signifie pas que le spectacle est interrompu. Il est <strong>toujours diffus\u00e9 chaque soir \u00e0 22h45<\/strong>.<\/p>\n<p class=\" wall-content\">Les spectateurs peuvent toujours y <strong>admirer les quatre autres fa\u00e7ades<\/strong>\u2009: celles de l\u2019h\u00f4tel de ville, <a href=\"https:\/\/actu.fr\/grand-est\/nancy_54395\/les-travaux-du-grand-hotel-de-la-reine-debutent-place-stanislas-voici-les-differentes-etapes-du-chantier_61738184.html\" target=\"_blank\" rel=\"noopener\">de l\u2019h\u00f4tel de la Reine<\/a>, du Pavillon Jacquet et du mus\u00e9e des Beaux-Arts.<\/p>\n<p class=\" wall-content\">Suivez toute l\u2019actualit\u00e9 de vos villes et m\u00e9dias favoris en vous inscrivant \u00e0 <a href=\"https:\/\/moncompte.actu.fr\" title=\"D\u00e9couvez Mon Actu\" rel=\"nofollow noopener\" data-trk=\"{&quot;cta&quot;:{&quot;action&quot;:&quot;https:\\\/\\\/moncompte.actu.fr&quot;,&quot;category&quot;:&quot;mon compte&quot;,&quot;from&quot;:&quot;article footer&quot;,&quot;name&quot;:&quot;Mon actu&quot;,&quot;type&quot;:&quot;cta&quot;}}\" target=\"_blank\">Mon Actu<\/a>.<\/p>\n","protected":false},"excerpt":{"rendered":"Par Paul-Emile Bouchy Publi\u00e9 le 21 juil. 2025 \u00e0 18h25 Jusqu\u2019au 14\u00a0septembre 2025, le vid\u00e9o-mapping \u00ab\u2009La Belle Saison\u2009\u00bb&hellip;\n","protected":false},"author":2,"featured_media":263755,"comment_status":"","ping_status":"","sticky":false,"template":"","format":"standard","meta":{"footnotes":""},"categories":[9635],"tags":[1111,11,1777,674,1011,27,775,1702,12,9647,25,104],"class_list":{"0":"post-263754","1":"post","2":"type-post","3":"status-publish","4":"format-standard","5":"has-post-thumbnail","7":"category-nancy","8":"tag-actu","9":"tag-actualites","10":"tag-eu","11":"tag-europe","12":"tag-fr","13":"tag-france","14":"tag-grand-est","15":"tag-nancy","16":"tag-news","17":"tag-place-stanislas","18":"tag-republique-francaise","19":"tag-societe"},"share_on_mastodon":{"url":"https:\/\/pubeurope.com\/@fr\/114892186814139152","error":""},"_links":{"self":[{"href":"https:\/\/www.europesays.com\/fr\/wp-json\/wp\/v2\/posts\/263754","targetHints":{"allow":["GET"]}}],"collection":[{"href":"https:\/\/www.europesays.com\/fr\/wp-json\/wp\/v2\/posts"}],"about":[{"href":"https:\/\/www.europesays.com\/fr\/wp-json\/wp\/v2\/types\/post"}],"author":[{"embeddable":true,"href":"https:\/\/www.europesays.com\/fr\/wp-json\/wp\/v2\/users\/2"}],"replies":[{"embeddable":true,"href":"https:\/\/www.europesays.com\/fr\/wp-json\/wp\/v2\/comments?post=263754"}],"version-history":[{"count":0,"href":"https:\/\/www.europesays.com\/fr\/wp-json\/wp\/v2\/posts\/263754\/revisions"}],"wp:featuredmedia":[{"embeddable":true,"href":"https:\/\/www.europesays.com\/fr\/wp-json\/wp\/v2\/media\/263755"}],"wp:attachment":[{"href":"https:\/\/www.europesays.com\/fr\/wp-json\/wp\/v2\/media?parent=263754"}],"wp:term":[{"taxonomy":"category","embeddable":true,"href":"https:\/\/www.europesays.com\/fr\/wp-json\/wp\/v2\/categories?post=263754"},{"taxonomy":"post_tag","embeddable":true,"href":"https:\/\/www.europesays.com\/fr\/wp-json\/wp\/v2\/tags?post=263754"}],"curies":[{"name":"wp","href":"https:\/\/api.w.org\/{rel}","templated":true}]}}