{"id":263765,"date":"2025-07-21T16:37:08","date_gmt":"2025-07-21T16:37:08","guid":{"rendered":"https:\/\/www.europesays.com\/fr\/263765\/"},"modified":"2025-07-21T16:37:08","modified_gmt":"2025-07-21T16:37:08","slug":"un-chercheur-en-informatique-de-rouen-tue-en-syrie","status":"publish","type":"post","link":"https:\/\/www.europesays.com\/fr\/263765\/","title":{"rendered":"un chercheur en informatique de Rouen tu\u00e9 en Syrie"},"content":{"rendered":"<p>            Par<br \/>\n        <strong><br \/>\n            <a href=\"https:\/\/actu.fr\/auteur\/thomas-rideau\" title=\"Consulter tous les articles de Thomas Rideau\" target=\"_blank\" rel=\"noopener\">Thomas Rideau<\/a><br \/>\n        <\/strong><\/p>\n<p>        Publi\u00e9 le<\/p>\n<p>            21 juil. 2025 \u00e0 17h35        <\/p>\n<p><strong>Firas<\/strong>, enseignant-chercheur et habitant de l\u2019agglo de <a href=\"https:\/\/www.google.com\/search?q=rouen+actu.fr&amp;rlz=1C1GCEA_enFR1045FR1045&amp;oq=rouen+actu.fr&amp;gs_lcrp=EgZjaHJvbWUqDggAEEUYJxg7GIAEGIoFMg4IABBFGCcYOxiABBiKBTIGCAEQIxgnMgYIAhBFGDwyBggDEEUYPDIGCAQQRRhBMgYIBRBFGEEyBggGEEUYQTIGCAcQRRg80gEIMTY0MGowajSoAgCwAgE&amp;sourceid=chrome&amp;ie=UTF-8\" target=\"_blank\" rel=\"noopener\">Rouen (Seine-Maritime)<\/a> a \u00e9t\u00e9 tu\u00e9, jeudi 17\u00a0juillet 2025, alors qu\u2019il se trouvait en <strong>Syrie<\/strong>, apprend-on dans <a href=\"https:\/\/www.linkedin.com\/posts\/sanagroupconstruction_statementinmemoryofdrfirasenfrar-ugcPost-7351612594341781504-W6sc\/?utm_source=share&amp;utm_medium=member_desktop&amp;rcm=ACoAADRo-pYBLZWN2usmDjrW0htyZgQkC5Jz6Tg\" target=\"_blank\" rel=\"noopener\">un communiqu\u00e9 publi\u00e9 par l\u2019un de ses confr\u00e8res<\/a>.<\/p>\n<p class=\" wall-content\">Franco-Syrien (il vivait en France depuis 12\u00a0ans), Firas Abou Latif \u00e9tait de retour en Syrie, apr\u00e8s avoir fui le r\u00e9gime de Bachar Al-Assad, pour rendre visite \u00e0 sa famille. \u00ab\u2009Brillant, humble et passionn\u00e9, il \u00e9tait anim\u00e9 par la qu\u00eate du savoir\u2009\u00bb, le r\u00e9sume ainsi Alaa Alghadban, <strong>\u00e9galement chercheur<\/strong> et ancien camarade de classe de Firas Abou Latif.<\/p>\n<p>Chercheur au Litis<\/p>\n<p class=\" wall-content\"><strong>Firas Abou Latif<\/strong> \u00e9tait enseignant-chercheur en informatique en Normandie et \u00e9tait rattach\u00e9 au <strong>Litis<\/strong> (laboratoire d\u2019informatique, de traitement de l\u2019information et des syst\u00e8mes) \u00e0 <strong>Saint-\u00c9tienne-du-Rouvray<\/strong>, indique l\u2019universit\u00e9 de Rouen qui a la cotutelle de ce centre de recherches.<\/p>\n<p class=\" wall-content\">\u00ab\u2009Il a d\u00e9cid\u00e9 de retourner \u00e0 Soue\u00efda pour revoir son p\u00e8re et ses s\u0153urs. Mais apr\u00e8s seulement quelques jours, la ville a \u00e9t\u00e9 attaqu\u00e9e par des milices soutenues par le r\u00e9gime d\u2019Ahmad Al-Sharaa, comprenant d\u2019anciens membres d\u2019Al-Qa\u00efda et de Daech, visant la communaut\u00e9 druze pour des raisons purement religieuses\u2009\u00bb, affirme Alaa Alghadban.<\/p>\n<p class=\" wall-content\">Actuellement, <a href=\"https:\/\/actu.fr\/monde\/des-centaines-de-morts-les-druzes-cibles-bombardements-d-israel-que-se-passe-t-il-a-soueida-en-syrie_62918407.html\" target=\"_blank\" rel=\"noopener\">le sud de la Syrie est secou\u00e9 par de violents affrontements<\/a> qui opposent des milices proches du pouvoir et les communaut\u00e9s druze. Une minorit\u00e9 religieuse du Proche-Orient dont \u00e9tait issue Firas Abou Latif.<\/p>\n<p>\u00ab\u2009Ouvrez une enqu\u00eate\u2009!\u2009\u00bb<\/p>\n<p class=\" wall-content\">\u00ab\u2009Le Dr Firas, citoyen fran\u00e7ais, universitaire, p\u00e8re de famille et homme de paix, a \u00e9t\u00e9 tu\u00e9 par balle \u00e0 l\u2019int\u00e9rieur de son propre domicile. [\u2026] Il n\u2019\u00e9tait pas dans la rue, ni dans un combat. Il n\u2019a pas quitt\u00e9 sa maison. Il a \u00e9t\u00e9 assassin\u00e9 simplement<strong> parce qu\u2019il \u00e9tait druze<\/strong>\u2009\u00bb, lance avec col\u00e8re Alaa Alghadban qui lance un appel\u2009: \u00ab\u2009Ouvrez une enqu\u00eate compl\u00e8te sur l\u2019assassinat du Dr Firas, tu\u00e9 alors qu\u2019il \u00e9tait paisiblement chez lui.<strong> Il n\u2019\u00e9tait ni combattant, ni une menace<\/strong>. C\u2019\u00e9tait un p\u00e8re venu revoir sa famille.\u2009\u00bb<\/p>\n<p>Vid\u00e9os : en ce moment sur ActuSuivez l\u2019actualit\u00e9 de Rouen <a href=\"https:\/\/www.whatsapp.com\/channel\/0029VaKfnf99hXF2ddApFB1D\" target=\"_blank\" rel=\"noopener\">sur notre cha\u00eene WhatsApp<\/a> et <a href=\"https:\/\/www.tiktok.com\/@76actu.fr?lang=fr\" target=\"_blank\" rel=\"noopener\">sur notre compte TikTok<\/a><\/p>\n<p class=\" wall-content\">Suivez toute l\u2019actualit\u00e9 de vos villes et m\u00e9dias favoris en vous inscrivant \u00e0 <a href=\"https:\/\/moncompte.actu.fr\" title=\"D\u00e9couvez Mon Actu\" rel=\"nofollow noopener\" data-trk=\"{&quot;cta&quot;:{&quot;action&quot;:&quot;https:\\\/\\\/moncompte.actu.fr&quot;,&quot;category&quot;:&quot;mon compte&quot;,&quot;from&quot;:&quot;article footer&quot;,&quot;name&quot;:&quot;Mon actu&quot;,&quot;type&quot;:&quot;cta&quot;}}\" target=\"_blank\">Mon Actu<\/a>.<\/p>\n<p>                    <script async src=\"\/\/www.tiktok.com\/embed.js\"><\/script><\/p>\n","protected":false},"excerpt":{"rendered":"Par Thomas Rideau Publi\u00e9 le 21 juil. 2025 \u00e0 17h35 Firas, enseignant-chercheur et habitant de l\u2019agglo de Rouen&hellip;\n","protected":false},"author":2,"featured_media":263766,"comment_status":"","ping_status":"","sticky":false,"template":"","format":"standard","meta":{"footnotes":""},"categories":[9587],"tags":[1111,11,1777,674,118,1011,27,12,5161,25,9590,18094],"class_list":{"0":"post-263765","1":"post","2":"type-post","3":"status-publish","4":"format-standard","5":"has-post-thumbnail","7":"category-rouen","8":"tag-actu","9":"tag-actualites","10":"tag-eu","11":"tag-europe","12":"tag-faits-divers","13":"tag-fr","14":"tag-france","15":"tag-news","16":"tag-normandie","17":"tag-republique-francaise","18":"tag-rouen","19":"tag-universite-de-rouen"},"share_on_mastodon":{"url":"https:\/\/pubeurope.com\/@fr\/114892206494068758","error":""},"_links":{"self":[{"href":"https:\/\/www.europesays.com\/fr\/wp-json\/wp\/v2\/posts\/263765","targetHints":{"allow":["GET"]}}],"collection":[{"href":"https:\/\/www.europesays.com\/fr\/wp-json\/wp\/v2\/posts"}],"about":[{"href":"https:\/\/www.europesays.com\/fr\/wp-json\/wp\/v2\/types\/post"}],"author":[{"embeddable":true,"href":"https:\/\/www.europesays.com\/fr\/wp-json\/wp\/v2\/users\/2"}],"replies":[{"embeddable":true,"href":"https:\/\/www.europesays.com\/fr\/wp-json\/wp\/v2\/comments?post=263765"}],"version-history":[{"count":0,"href":"https:\/\/www.europesays.com\/fr\/wp-json\/wp\/v2\/posts\/263765\/revisions"}],"wp:featuredmedia":[{"embeddable":true,"href":"https:\/\/www.europesays.com\/fr\/wp-json\/wp\/v2\/media\/263766"}],"wp:attachment":[{"href":"https:\/\/www.europesays.com\/fr\/wp-json\/wp\/v2\/media?parent=263765"}],"wp:term":[{"taxonomy":"category","embeddable":true,"href":"https:\/\/www.europesays.com\/fr\/wp-json\/wp\/v2\/categories?post=263765"},{"taxonomy":"post_tag","embeddable":true,"href":"https:\/\/www.europesays.com\/fr\/wp-json\/wp\/v2\/tags?post=263765"}],"curies":[{"name":"wp","href":"https:\/\/api.w.org\/{rel}","templated":true}]}}