{"id":263771,"date":"2025-07-21T16:40:16","date_gmt":"2025-07-21T16:40:16","guid":{"rendered":"https:\/\/www.europesays.com\/fr\/263771\/"},"modified":"2025-07-21T16:40:16","modified_gmt":"2025-07-21T16:40:16","slug":"les-lignes-de-tramway-b-et-d-perturbees-cet-ete","status":"publish","type":"post","link":"https:\/\/www.europesays.com\/fr\/263771\/","title":{"rendered":"les lignes de tramway B et D perturb\u00e9es cet \u00e9t\u00e9"},"content":{"rendered":"<p>\t\t\t\t\t\t\t\t\t\t\t<img loading=\"lazy\" decoding=\"async\" width=\"1110\" title=\"Grenoble : les lignes de tramway B et D perturb\u00e9es cet \u00e9t\u00e9\" class=\"img-fluid  mb-3\" src=\"https:\/\/grandgrenoble.alpes1.com\/media\/news\/thumb\/1110x624_grenoble-les-lignes-de-tramway-b-et-d-perturbees-cet-ete_687e4e8140955.webp\" alt=\"Grenoble : les lignes de tramway B et D perturb\u00e9es cet \u00e9t\u00e9\" itemprop=\"image\" height=\"624\"\/>\t\t\t\t\t\t\t\t\t\t\t\t<\/p>\n<p>Grenoble : les lignes de tramway B et D perturb\u00e9es cet \u00e9t\u00e9 &#8211; DR<\/p>\n<p itemprop=\"description\"><strong>Les usagers des tramways devront prendre leurs pr\u00e9cautions. Des travaux d\u2019entretien sur les voies des lignes B et D seront men\u00e9s tout l\u2019\u00e9t\u00e9.<\/strong><\/p>\n<p>Alors que la p\u00e9riode estivale bat son plein, les travaux de maintenance sur les voies du tramway d\u00e9marrent. Et ce sont lignes B et D qui seront concern\u00e9es par ces chantiers. Des travaux d\u2019entretien ont d\u00e9but\u00e9 ce 7 juillet et vont se poursuivre jusqu\u2019au 14 ao\u00fbt. \u00a0<\/p>\n<p>Depuis ce lundi 21 juillet et jusqu\u2019au 1er ao\u00fbt, les lignes de tram B et D circulent uniquement entre Oxford et Sainte-Claire Les Halles. Des bus relais sont donc mis en place en direction de Condillac sur la ligne B et d\u2019Etienne-Grappe pour la ligne D. Ils partiront de l\u2019arr\u00eat Notre-Dame Mus\u00e9e, \u00e0 300 m\u00e8tres de marche des arr\u00eats de tram habituels.<\/p>\n<p>En ce qui concerne les fr\u00e9quences de passage en journ\u00e9e, ils seront de 8 min pour les bus de la ligne B et de 16 min pour la ligne D.<\/p>\n<p>De son c\u00f4t\u00e9, la ligne de tram C est prolong\u00e9e jusqu\u2019\u00e0 la Plaine des sports jusqu\u2019au 1er ao\u00fbt pour une meilleure desserte du domaine universitaire, avec une fr\u00e9quence de passage entre 10 et 12 minutes. Des bus relais pour rejoindre le tram C \u00e0 P\u00e9ri-Brosselette ou Neyrpic-Belledonne sont donc mis en place, mais il est \u00e9galement possible d\u2019emprunter la ligne A depuis le centre-ville de Grenoble pour rejoindre le domaine universitaire.<\/p>\n<p>A noter que durant les week-ends des 2-3 et 9-10 ao\u00fbt, les lignes de tram circuleront normalement.<\/p>\n<p><strong>D\u2019autres perturbations en soir\u00e9e<\/strong><\/p>\n<p>Des perturbations sont \u00e9galement \u00e0 pr\u00e9voir en soir\u00e9e. Jusqu\u2019au 14 ao\u00fbt, tous les soirs \u00e0 partir de 22 heures, la ligne B circule uniquement entre Oxford et Sainte-Claire Les Halles.<\/p>\n<p>De son c\u00f4t\u00e9, la ligne D sera totalement coup\u00e9e et le bus relais effectuera la liaison depuis Notre-Dame vers Etienne-Grappe. Il desservira P\u00e9ri-Brossolette et Neyrpric-Belledonne, en correspondance avec le tram C. La fr\u00e9quence des tramways et bus relais sera de 20 minutes.<\/p>\n<p>Dimanche 27 juillet, toute la journ\u00e9e, les lignes circuleront selon le plan de soir\u00e9e.<\/p>\n","protected":false},"excerpt":{"rendered":"Grenoble : les lignes de tramway B et D perturb\u00e9es cet \u00e9t\u00e9 &#8211; DR Les usagers des tramways&hellip;\n","protected":false},"author":2,"featured_media":263772,"comment_status":"","ping_status":"","sticky":false,"template":"","format":"standard","meta":{"footnotes":""},"categories":[9566],"tags":[1111,11,7733,8279,2430,7736,650,7734,2889,2263,1777,674,1011,27,2731,8280,6417,1114,108,4662,12,3725,1825,25,7737],"class_list":{"0":"post-263771","1":"post","2":"type-post","3":"status-publish","4":"format-standard","5":"has-post-thumbnail","7":"category-grenoble","8":"tag-actu","9":"tag-actualites","10":"tag-alpes","11":"tag-alpes1","12":"tag-auvergne-rhone-alpes","13":"tag-cds","14":"tag-cinema","15":"tag-ecoute","16":"tag-emission","17":"tag-equipe","18":"tag-eu","19":"tag-europe","20":"tag-fr","21":"tag-france","22":"tag-grenoble","23":"tag-haute","24":"tag-information","25":"tag-infos","26":"tag-isere","27":"tag-journal","28":"tag-news","29":"tag-podcast","30":"tag-radio","31":"tag-republique-francaise","32":"tag-winamp"},"share_on_mastodon":{"url":"https:\/\/pubeurope.com\/@fr\/114892218303107160","error":""},"_links":{"self":[{"href":"https:\/\/www.europesays.com\/fr\/wp-json\/wp\/v2\/posts\/263771","targetHints":{"allow":["GET"]}}],"collection":[{"href":"https:\/\/www.europesays.com\/fr\/wp-json\/wp\/v2\/posts"}],"about":[{"href":"https:\/\/www.europesays.com\/fr\/wp-json\/wp\/v2\/types\/post"}],"author":[{"embeddable":true,"href":"https:\/\/www.europesays.com\/fr\/wp-json\/wp\/v2\/users\/2"}],"replies":[{"embeddable":true,"href":"https:\/\/www.europesays.com\/fr\/wp-json\/wp\/v2\/comments?post=263771"}],"version-history":[{"count":0,"href":"https:\/\/www.europesays.com\/fr\/wp-json\/wp\/v2\/posts\/263771\/revisions"}],"wp:featuredmedia":[{"embeddable":true,"href":"https:\/\/www.europesays.com\/fr\/wp-json\/wp\/v2\/media\/263772"}],"wp:attachment":[{"href":"https:\/\/www.europesays.com\/fr\/wp-json\/wp\/v2\/media?parent=263771"}],"wp:term":[{"taxonomy":"category","embeddable":true,"href":"https:\/\/www.europesays.com\/fr\/wp-json\/wp\/v2\/categories?post=263771"},{"taxonomy":"post_tag","embeddable":true,"href":"https:\/\/www.europesays.com\/fr\/wp-json\/wp\/v2\/tags?post=263771"}],"curies":[{"name":"wp","href":"https:\/\/api.w.org\/{rel}","templated":true}]}}