{"id":263777,"date":"2025-07-21T16:43:15","date_gmt":"2025-07-21T16:43:15","guid":{"rendered":"https:\/\/www.europesays.com\/fr\/263777\/"},"modified":"2025-07-21T16:43:15","modified_gmt":"2025-07-21T16:43:15","slug":"cest-comme-se-deplacer-avec-sa-poussette","status":"publish","type":"post","link":"https:\/\/www.europesays.com\/fr\/263777\/","title":{"rendered":"C&rsquo;est comme se d\u00e9placer avec\u00a0sa\u00a0poussette"},"content":{"rendered":"<p>            Par<br \/>\n        <strong><br \/>\n            <a href=\"https:\/\/actu.fr\/auteur\/olivia-kouassi\" title=\"Consulter tous les articles de Olivia Kouassi\" target=\"_blank\" rel=\"noopener\">Olivia Kouassi<\/a><br \/>\n        <\/strong><\/p>\n<p>        Publi\u00e9 le<\/p>\n<p>            21 juil. 2025 \u00e0 17h48        <\/p>\n<p>La mesure est pour <strong>Alain Jund<\/strong>, vice-pr\u00e9sident de l\u2019Eurom\u00e9tropole de<a href=\"https:\/\/actu.fr\/strasbourg\/\" target=\"_blank\" rel=\"noopener\"> Strasbourg<\/a> (EMS) en charge des mobilit\u00e9s, \u00ab\u2009devenue <strong>\u00e9vidente<\/strong> et <strong>banale<\/strong>\u2009\u00bb. En juillet 2023, la municipalit\u00e9 et la compagnie de transports strasbourgeois (<a href=\"https:\/\/actu.fr\/tag\/compagnie-des-transports-strasbourgeois-cts\/page\/4\" target=\"_blank\" rel=\"noopener\">CTS<\/a>) autorisaient les habitants du territoire <a href=\"https:\/\/actu.fr\/grand-est\/strasbourg_67482\/strasbourg-les-chiens-bientot-acceptes-dans-les-trams-voici-quand-et-sous-quelles-conditions_59788611.html\" target=\"_blank\" rel=\"noopener\">\u00e0 prendre le tramway en compagnie de leur chien<\/a>, <strong>sans surco\u00fbt<\/strong> et sous r\u00e9serve du respect de certaines r\u00e8gles. Une mesure qui semble <strong>bien accept\u00e9e<\/strong> aupr\u00e8s des usagers.<\/p>\n<p>\u00ab\u2009On ne voit pas tellement de chiens\u2009\u00bb dans le tramway<\/p>\n<p class=\" wall-content\">Ce sont, selon les analyses effectu\u00e9es par l\u2019Eurom\u00e9tropole, environ <strong>360 chiens par jour<\/strong> qui empruntent les six lignes de tram de la ville. Un chiffre assez faible au regard des 550\u2009000 voyages quotidiens qui utilisent le r\u00e9seau de la CTS.<\/p>\n<p class=\" wall-content\">\u00ab\u2009On n\u2019en voit pas tellement\u2009\u00bb, confirme Brigitte, Strasbourgeoise qui prend \u00ab\u2009souvent\u2009\u00bb les transports en commun. Bien qu\u2019elle ait \u00ab\u2009un peu peur des chiens\u2009\u00bb, cette derni\u00e8re trouve que la <strong>cohabitation<\/strong> se passe<strong> \u00ab\u2009tr\u00e8s bien\u2009\u00bb.<\/strong> \u00ab\u2009Le <a href=\"https:\/\/actu.fr\/grand-est\/strasbourg_67482\/strasbourg-la-cts-presente-ses-nouveaux-trams-decouvrez-leurs-specificites_62771159.html\" target=\"_blank\" rel=\"noopener\">tram <\/a>est assez grand pour pouvoir changer de wagon si on n\u2019est pas \u00e0 l\u2019aise\u2009\u00bb, estime-t-elle.<\/p>\n<blockquote class=\"ac-article-quote wall-content\">\n<p>C\u2019est bien que tout le monde puisse se d\u00e9placer en tram, surtout lorsque l\u2019on veut encourager l\u2019utilisation des transports en commun.<\/p>\n<p>    <strong>Brigitte<\/strong><br \/>\n        Passag\u00e8re du tramway \u00e0 Strasbourg    <\/p><\/blockquote>\n<p>\u00ab\u2009C\u2019est comme se d\u00e9placer avec son v\u00e9lo ou sa poussette\u2009\u00bb<\/p>\n<p class=\" wall-content\">Pour Laure Souchard-Lespinas, pr\u00e9sidente de l\u2019association qui milite pour les droits des chiens \u00e0 Strasbourg Terre des Chiens, cette mesure a \u00ab<strong>\u2009chang\u00e9 la vie de beaucoup de monde<\/strong>\u2009\u00bb. \u201cLa mobilit\u00e9 pour tous et toutes, c\u2019est aussi pouvoir r\u00e9pondre \u00e0 celles et ceux qui sont propri\u00e9taires de chiens\u201d, abonde Alain Jund.<\/p>\n<p class=\" wall-content\">Pour Cassandra, cette autorisation para\u00eet tout \u00e0 fait <strong>\u00ab\u2009normale\u2009\u00bb.<\/strong> \u00ab\u2009C\u2019est comme <strong>se d\u00e9placer avec son v\u00e9lo ou sa poussette<\/strong>\u2009\u00bb, juge-t-elle.<\/p>\n<p class=\" wall-content\">\u00ab\u2009En plus la<strong> museli\u00e8re est impos\u00e9e<\/strong> quel que soit le gabarit donc je ne vois pas le probl\u00e8me, il n\u2019y a <strong>aucun risque<\/strong>\u2009\u00bb, ajoute Lucas, usager r\u00e9gulier de la CTS.<\/p>\n<p>73\u2009% des chiens sans museli\u00e8re<\/p>\n<p class=\" wall-content\">Le port de la <strong>museli\u00e8re<\/strong> est en effet <strong>obligatoire<\/strong> sous peine d\u2019amende quelle que soit la taille du chien.<\/p>\n<p class=\" wall-content\">Diala, \u00e9tudiante de 23\u00a0ans qui se d\u00e9place souvent en tram, peut \u00eatre <strong>effray\u00e9e<\/strong> par les grands chiens. \u00ab\u2009Les propri\u00e9taires sont parfois agac\u00e9s lorsqu\u2019on a peur de leur chien alors que <strong>c\u2019est \u00e0 eux de faire attention\u2009\u00bb,<\/strong> estime-t-elle qui dit n\u2019avoir cependant jamais eu de soucis.<\/p>\n<p class=\" wall-content\">Une mesure qui reste assez peu respect\u00e9e dans le tram. En effet, selon une \u00e9tude men\u00e9e par l\u2019EMS, <strong>73\u2009% des chiens observ\u00e9s dans les trams ne portent pas de museli\u00e8re<\/strong>. La CTS reconna\u00eet qu\u2019il y a \u00ab\u2009encore un travail de p\u00e9dagogie \u00e0 faire \u00e0 ce sujet\u2009\u00bb et a recens\u00e9 seulement <strong>deux incidents mineurs<\/strong> en deux ans.<\/p>\n<p>Vers l\u2019autorisation des chiens dans les bus\u2009?<\/p>\n<p class=\" wall-content\">Le succ\u00e8s de la mesure pousse l\u2019association Terre des Chiens, d\u00e9j\u00e0 \u00e0 l\u2019origine du d\u00e9bat autour de l\u2019autorisation des canid\u00e9s dans les trams, \u00e0 <strong>militer pour une extension du dispositif<\/strong>.<\/p>\n<p class=\" wall-content\">\u00ab\u2009\u00c0 quand les chiens autoris\u00e9s dans les bus\u2009? Quand il y a des travaux, nous n\u2019avons pas acc\u00e8s aux bus de remplacement et certaines personnes n\u2019ont pas de station de tram \u00e0 proximit\u00e9 de leur domicile\u2009\u00bb, d\u00e9taille Laure Souchard-Lespinas.<\/p>\n<p class=\" wall-content\">\u00ab\u2009On verra en 2026\u2009\u00bb, promet Alain Jund qui souhaite laisser passer l\u2019inauguration de <strong>l\u2019extension de la ligne F<\/strong> vers Wolfisheim et l\u2019inauguration de deux <a href=\"https:\/\/actu.fr\/grand-est\/strasbourg_67482\/strasbourg-vous-pouvez-choisir-l-habillage-des-nouvelles-lignes-de-bus-voici-comment_62916453.html\" target=\"_blank\" rel=\"noopener\">nouvelles lignes de bus Chron\u2019hop C4 et C5<\/a> pr\u00e9vues en novembre.<\/p>\n<p>La municipalit\u00e9 organise des ateliers, gratuits et sans inscription dans le cadre des actions de m\u00e9diation canine\u2009:<br \/>Le 30\u00a0juillet, atelier de sensibilisation \u00e0 la chaleur, place de Haguenau, de 16\u2009h\u200930 \u00e0 19\u2009h<br \/>Le 18\u00a0ao\u00fbt, atelier de balade en laisse et signaux de communication canine, jardin des Deux rives, de 16\u2009h\u200930 \u00e0 19\u2009h<br \/>Le 22\u00a0septembre, atelier sur le bien-\u00eatre du chien en ville, parc du Pourtal\u00e8s, de 12\u2009h \u00e0 14\u2009h<\/p>\n<p class=\" wall-content\">Suivez toute l\u2019actualit\u00e9 de vos villes et m\u00e9dias favoris en vous inscrivant \u00e0 <a href=\"https:\/\/moncompte.actu.fr\" title=\"D\u00e9couvez Mon Actu\" rel=\"nofollow noopener\" data-trk=\"{&quot;cta&quot;:{&quot;action&quot;:&quot;https:\\\/\\\/moncompte.actu.fr&quot;,&quot;category&quot;:&quot;mon compte&quot;,&quot;from&quot;:&quot;article footer&quot;,&quot;name&quot;:&quot;Mon actu&quot;,&quot;type&quot;:&quot;cta&quot;}}\" target=\"_blank\">Mon Actu<\/a>.<\/p>\n<ul class=\"ac-article-tag wall-content\">\n<li><a href=\"https:\/\/actu.fr\/tag\/chien\" data-trk=\"{&quot;cta&quot;:{&quot;action&quot;:&quot;Chien&quot;,&quot;category&quot;:&quot;tag&quot;,&quot;from&quot;:&quot;article footer&quot;,&quot;name&quot;:&quot;Chien&quot;,&quot;type&quot;:&quot;cta&quot;}}\" target=\"_blank\" rel=\"noopener\">#Chien<\/a><\/li>\n<li><a href=\"https:\/\/actu.fr\/tag\/compagnie-des-transports-strasbourgeois-cts\" data-trk=\"{&quot;cta&quot;:{&quot;action&quot;:&quot;Compagnie des transports strasbourgeois (CTS)&quot;,&quot;category&quot;:&quot;tag&quot;,&quot;from&quot;:&quot;article footer&quot;,&quot;name&quot;:&quot;Compagnie des transports strasbourgeois (CTS)&quot;,&quot;type&quot;:&quot;cta&quot;}}\" target=\"_blank\" rel=\"noopener\">#Compagnie des transports strasbourgeois (CTS)<\/a><\/li>\n<\/ul>\n","protected":false},"excerpt":{"rendered":"Par Olivia Kouassi Publi\u00e9 le 21 juil. 2025 \u00e0 17h48 La mesure est pour Alain Jund, vice-pr\u00e9sident de&hellip;\n","protected":false},"author":2,"featured_media":263778,"comment_status":"","ping_status":"","sticky":false,"template":"","format":"standard","meta":{"footnotes":""},"categories":[2820],"tags":[1111,11,4850,7344,1777,674,1011,27,775,12,25,104,640],"class_list":{"0":"post-263777","1":"post","2":"type-post","3":"status-publish","4":"format-standard","5":"has-post-thumbnail","7":"category-strasbourg","8":"tag-actu","9":"tag-actualites","10":"tag-chien","11":"tag-compagnie-des-transports-strasbourgeois-cts","12":"tag-eu","13":"tag-europe","14":"tag-fr","15":"tag-france","16":"tag-grand-est","17":"tag-news","18":"tag-republique-francaise","19":"tag-societe","20":"tag-strasbourg"},"share_on_mastodon":{"url":"https:\/\/pubeurope.com\/@fr\/114892230146332764","error":""},"_links":{"self":[{"href":"https:\/\/www.europesays.com\/fr\/wp-json\/wp\/v2\/posts\/263777","targetHints":{"allow":["GET"]}}],"collection":[{"href":"https:\/\/www.europesays.com\/fr\/wp-json\/wp\/v2\/posts"}],"about":[{"href":"https:\/\/www.europesays.com\/fr\/wp-json\/wp\/v2\/types\/post"}],"author":[{"embeddable":true,"href":"https:\/\/www.europesays.com\/fr\/wp-json\/wp\/v2\/users\/2"}],"replies":[{"embeddable":true,"href":"https:\/\/www.europesays.com\/fr\/wp-json\/wp\/v2\/comments?post=263777"}],"version-history":[{"count":0,"href":"https:\/\/www.europesays.com\/fr\/wp-json\/wp\/v2\/posts\/263777\/revisions"}],"wp:featuredmedia":[{"embeddable":true,"href":"https:\/\/www.europesays.com\/fr\/wp-json\/wp\/v2\/media\/263778"}],"wp:attachment":[{"href":"https:\/\/www.europesays.com\/fr\/wp-json\/wp\/v2\/media?parent=263777"}],"wp:term":[{"taxonomy":"category","embeddable":true,"href":"https:\/\/www.europesays.com\/fr\/wp-json\/wp\/v2\/categories?post=263777"},{"taxonomy":"post_tag","embeddable":true,"href":"https:\/\/www.europesays.com\/fr\/wp-json\/wp\/v2\/tags?post=263777"}],"curies":[{"name":"wp","href":"https:\/\/api.w.org\/{rel}","templated":true}]}}