{"id":263785,"date":"2025-07-21T16:47:09","date_gmt":"2025-07-21T16:47:09","guid":{"rendered":"https:\/\/www.europesays.com\/fr\/263785\/"},"modified":"2025-07-21T16:47:09","modified_gmt":"2025-07-21T16:47:09","slug":"apres-plusieurs-home-jackings-la-police-appelle-a-la-vigilance","status":"publish","type":"post","link":"https:\/\/www.europesays.com\/fr\/263785\/","title":{"rendered":"apr\u00e8s plusieurs home-jackings, la police appelle \u00e0 la vigilance"},"content":{"rendered":"<p>            Par<br \/>\n        <strong><br \/>\n            <a href=\"https:\/\/actu.fr\/auteur\/emma-derome\" title=\"Consulter tous les articles de Emma Derome\" target=\"_blank\" rel=\"noopener\">Emma Derome<\/a><br \/>\n        <\/strong><\/p>\n<p>        Publi\u00e9 le<\/p>\n<p>            21 juil. 2025 \u00e0 18h32        <\/p>\n<p>Plusieurs <a href=\"https:\/\/actu.fr\/pays-de-la-loire\/nantes_44109\/nantes-deux-hommes-interpelles-avec-des-objets-voles-lors-d-un-home-jacking_62836576.html\" target=\"_blank\" rel=\"noopener\">home-jackings<\/a> sont survenus \u00e0 Orvault (Loire-Atlantique) ces derni\u00e8res semaines, selon la police, qui <strong>demande aux habitants de redoubler de vigilance<\/strong>. Dans la nuit de samedi\u00a019 au dimanche 20\u00a0juillet, au moins <strong>une voiture a \u00e9t\u00e9 vol\u00e9e<\/strong> ainsi.<\/p>\n<p class=\" wall-content\">Le mode op\u00e9ratoire est souvent le m\u00eame\u2009: un ou plusieurs individus s\u2019introduisent dans le logement alors m\u00eame qu\u2019il est habit\u00e9, <strong>la plupart du temps sans effraction<\/strong>, pour commettre un vol.<\/p>\n<p>Des cl\u00e9s de voiture vol\u00e9es<\/p>\n<p class=\" wall-content\">Cette fois-ci, l\u2019habitation a \u00e9t\u00e9 fouill\u00e9e, et le ou les intrus sont parvenus \u00e0 <strong>faire main basse sur les cl\u00e9s de la voiture<\/strong>, et donc \u00e0 voler le v\u00e9hicule. Un vol similaire a \u00e9t\u00e9 signal\u00e9 \u00e0 <a href=\"https:\/\/actu.fr\/pays-de-la-loire\/orvault_44114\/trois-policiers-municipaux-pour-tout-orvault-l-opposition-alerte-sur-la-securite_61660149.html\" target=\"_blank\" rel=\"noopener\">Orvault<\/a> <strong>le week-end pr\u00e9c\u00e9dent<\/strong>, selon la police, <a href=\"https:\/\/x.com\/PoliceNat44\/status\/1947251709853507829\">qui publie ce lundi un rappel<\/a> des bons r\u00e9flexes \u00e0 avoir.<\/p>\n<p>Les agents conseillent notamment\u2009:<\/p>\n<ul class=\" wall-content\">\n<li>de <strong>fermer \u00e0 cl\u00e9 la porte de chez soi<\/strong>, m\u00eame lorsque l\u2019on est \u00e0 la maison<\/li>\n<li>de <strong>fermer les fen\u00eatres<\/strong> des \u00e9tages facilement accessibles, notamment du rez-de-chauss\u00e9e, lorsque l\u2019on dort<\/li>\n<li>de <strong>cacher ou de prendre avec soi les cl\u00e9s de sa voiture<\/strong> lorsque l\u2019on n\u2019est pas chez soi et que l\u2019on n\u2019utilise pas son v\u00e9hicule<\/li>\n<\/ul>\n<p class=\" wall-content\">La police exhorte donc les habitants \u00e0 ne pas baisser la garde lors des mois d\u2019\u00e9t\u00e9 face aux risques de <a href=\"https:\/\/actu.fr\/pays-de-la-loire\/vay_44214\/cambriolage-en-loire-atlantique-cette-commune-lance-lalerte_62883354.html\" target=\"_blank\" rel=\"noopener\">cambriolage<\/a>. Si <a href=\"https:\/\/www.interieur.gouv.fr\/actualites\/communiques-de-presse\/insecurite-et-delinquance-en-2024-bilan-statistique-et-atlas-departemental-de-delinquance\" target=\"_blank\" rel=\"noopener\">les chiffres du minist\u00e8re de l\u2019Int\u00e9rieur<\/a>, analys\u00e9s par <a href=\"https:\/\/www.franceinfo.fr\/vrai-ou-fake\/vrai-ou-faux-y-a-t-il-plus-de-cambriolages-durant-les-vacances-d-ete-en-france_6671184.html\" target=\"_blank\" rel=\"noopener\">Franceinfo<\/a>, montrent que la p\u00e9riode privil\u00e9gi\u00e9e par les voleurs est le plus souvent celle des f\u00eates,<strong> le mois d\u2019ao\u00fbt est le deuxi\u00e8me mois o\u00f9 les habitations sont les plus visit\u00e9es<\/strong>.<\/p>\n<p>Vid\u00e9os : en ce moment sur Actu<\/p>\n<p class=\" wall-content\">En 2023, pr\u00e8s de 21\u2009000 cambriolages ont \u00e9t\u00e9 constat\u00e9s dans toute la France au mois d\u2019ao\u00fbt, contre pr\u00e8s de 22\u2009500 en d\u00e9cembre, sur pr\u00e8s de 220\u2009000 sur toute l\u2019ann\u00e9e.<\/p>\n<p class=\" wall-content\">Suivez toute l\u2019actualit\u00e9 de vos villes et m\u00e9dias favoris en vous inscrivant \u00e0 <a href=\"https:\/\/moncompte.actu.fr\" title=\"D\u00e9couvez Mon Actu\" rel=\"nofollow noopener\" data-trk=\"{&quot;cta&quot;:{&quot;action&quot;:&quot;https:\\\/\\\/moncompte.actu.fr&quot;,&quot;category&quot;:&quot;mon compte&quot;,&quot;from&quot;:&quot;article footer&quot;,&quot;name&quot;:&quot;Mon actu&quot;,&quot;type&quot;:&quot;cta&quot;}}\" target=\"_blank\">Mon Actu<\/a>.<\/p>\n","protected":false},"excerpt":{"rendered":"Par Emma Derome Publi\u00e9 le 21 juil. 2025 \u00e0 18h32 Plusieurs home-jackings sont survenus \u00e0 Orvault (Loire-Atlantique) ces&hellip;\n","protected":false},"author":2,"featured_media":263786,"comment_status":"","ping_status":"","sticky":false,"template":"","format":"standard","meta":{"footnotes":""},"categories":[2818],"tags":[1111,11,1174,1777,674,118,1011,27,2825,766,12,2636,1072,25],"class_list":{"0":"post-263785","1":"post","2":"type-post","3":"status-publish","4":"format-standard","5":"has-post-thumbnail","7":"category-nantes","8":"tag-actu","9":"tag-actualites","10":"tag-cambriolage","11":"tag-eu","12":"tag-europe","13":"tag-faits-divers","14":"tag-fr","15":"tag-france","16":"tag-insecurite","17":"tag-nantes","18":"tag-news","19":"tag-pays-de-la-loire","20":"tag-police","21":"tag-republique-francaise"},"share_on_mastodon":{"url":"https:\/\/pubeurope.com\/@fr\/114892245785403371","error":""},"_links":{"self":[{"href":"https:\/\/www.europesays.com\/fr\/wp-json\/wp\/v2\/posts\/263785","targetHints":{"allow":["GET"]}}],"collection":[{"href":"https:\/\/www.europesays.com\/fr\/wp-json\/wp\/v2\/posts"}],"about":[{"href":"https:\/\/www.europesays.com\/fr\/wp-json\/wp\/v2\/types\/post"}],"author":[{"embeddable":true,"href":"https:\/\/www.europesays.com\/fr\/wp-json\/wp\/v2\/users\/2"}],"replies":[{"embeddable":true,"href":"https:\/\/www.europesays.com\/fr\/wp-json\/wp\/v2\/comments?post=263785"}],"version-history":[{"count":0,"href":"https:\/\/www.europesays.com\/fr\/wp-json\/wp\/v2\/posts\/263785\/revisions"}],"wp:featuredmedia":[{"embeddable":true,"href":"https:\/\/www.europesays.com\/fr\/wp-json\/wp\/v2\/media\/263786"}],"wp:attachment":[{"href":"https:\/\/www.europesays.com\/fr\/wp-json\/wp\/v2\/media?parent=263785"}],"wp:term":[{"taxonomy":"category","embeddable":true,"href":"https:\/\/www.europesays.com\/fr\/wp-json\/wp\/v2\/categories?post=263785"},{"taxonomy":"post_tag","embeddable":true,"href":"https:\/\/www.europesays.com\/fr\/wp-json\/wp\/v2\/tags?post=263785"}],"curies":[{"name":"wp","href":"https:\/\/api.w.org\/{rel}","templated":true}]}}