{"id":26379,"date":"2025-04-15T11:18:12","date_gmt":"2025-04-15T11:18:12","guid":{"rendered":"https:\/\/www.europesays.com\/fr\/26379\/"},"modified":"2025-04-15T11:18:12","modified_gmt":"2025-04-15T11:18:12","slug":"paris-experimente-un-compte-a-rebours-au-passage-pieton-un-effet-pas-mirobolant","status":"publish","type":"post","link":"https:\/\/www.europesays.com\/fr\/26379\/","title":{"rendered":"Paris exp\u00e9rimente un compte \u00e0 rebours au passage pi\u00e9ton, un effet \u00ab\u00a0pas mirobolant\u00a0\u00bb"},"content":{"rendered":"<p class=\"paragraph text_align_left\">Ce mercredi matin \u00e0 <a href=\"https:\/\/www.leparisien.fr\/paris-75\/\" target=\"_blank\" rel=\"noreferrer nofollow noopener\">Paris<\/a>, la rue de Rennes <a href=\"https:\/\/www.leparisien.fr\/paris-75\/paris-75006\/\" target=\"_self\" rel=\"nofollow noopener\">(VIe)<\/a> ne d\u00e9semplit pas. Bus, camionnettes, voitures, v\u00e9los\u2026 Les v\u00e9hicules d\u00e9filent en masse sous le nez des pi\u00e9tons qui souhaitent traverser la chauss\u00e9e. Pi\u00e9tons qui, au niveau du num\u00e9ro 116 de la rue, ont remarqu\u00e9 une petite innovation \u00e0 c\u00f4t\u00e9 des bien connus bonshommes rouge et vert : un minuteur, indiquant le temps restant pour traverser, ou \u00e0 patienter avant de pouvoir s\u2019engager.<\/p>\n<p class=\"paragraph text_align_left\">Longs de 23 secondes au feu vert et de 55 secondes au feu rouge, ces d\u00e9compteurs ont \u00e9t\u00e9 install\u00e9s pour \u00ab am\u00e9liorer le taux de respect des feux pi\u00e9tons \u00bb, indique la Ville de Paris. Celle-ci esp\u00e8re \u00ab r\u00e9duire la prise de risque par les pi\u00e9tons \u00bb gr\u00e2ce au dispositif, mis en place dans le cadre de <a href=\"https:\/\/www.leparisien.fr\/paris-75\/david-belliard-devoile-le-nouveau-plan-pietons-de-paris-creer-100-ha-dedies-a-la-marche-dici-a-2030-17-11-2023-5ULMGVJ4T5A7ZFY25BUQKTENFQ.php\" target=\"_self\" rel=\"nofollow noopener\">son Plan pi\u00e9ton<\/a> lanc\u00e9 en 2023.<\/p>\n","protected":false},"excerpt":{"rendered":"Ce mercredi matin \u00e0 Paris, la rue de Rennes (VIe) ne d\u00e9semplit pas. Bus, camionnettes, voitures, v\u00e9los\u2026 Les&hellip;\n","protected":false},"author":2,"featured_media":26380,"comment_status":"","ping_status":"","sticky":false,"template":"","format":"standard","meta":{"footnotes":""},"categories":[1888],"tags":[1111,1928,11,1927,1777,674,1011,27,1944,12,1926,626,1925,25],"class_list":{"0":"post-26379","1":"post","2":"type-post","3":"status-publish","4":"format-standard","5":"has-post-thumbnail","7":"category-paris","8":"tag-actu","9":"tag-actu-paris","10":"tag-actualites","11":"tag-actualites-paris","12":"tag-eu","13":"tag-europe","14":"tag-fr","15":"tag-france","16":"tag-ma-ville","17":"tag-news","18":"tag-news-paris","19":"tag-paris","20":"tag-paris-news","21":"tag-republique-francaise"},"share_on_mastodon":{"url":"https:\/\/pubeurope.com\/@fr\/114341707957123237","error":""},"_links":{"self":[{"href":"https:\/\/www.europesays.com\/fr\/wp-json\/wp\/v2\/posts\/26379","targetHints":{"allow":["GET"]}}],"collection":[{"href":"https:\/\/www.europesays.com\/fr\/wp-json\/wp\/v2\/posts"}],"about":[{"href":"https:\/\/www.europesays.com\/fr\/wp-json\/wp\/v2\/types\/post"}],"author":[{"embeddable":true,"href":"https:\/\/www.europesays.com\/fr\/wp-json\/wp\/v2\/users\/2"}],"replies":[{"embeddable":true,"href":"https:\/\/www.europesays.com\/fr\/wp-json\/wp\/v2\/comments?post=26379"}],"version-history":[{"count":0,"href":"https:\/\/www.europesays.com\/fr\/wp-json\/wp\/v2\/posts\/26379\/revisions"}],"wp:featuredmedia":[{"embeddable":true,"href":"https:\/\/www.europesays.com\/fr\/wp-json\/wp\/v2\/media\/26380"}],"wp:attachment":[{"href":"https:\/\/www.europesays.com\/fr\/wp-json\/wp\/v2\/media?parent=26379"}],"wp:term":[{"taxonomy":"category","embeddable":true,"href":"https:\/\/www.europesays.com\/fr\/wp-json\/wp\/v2\/categories?post=26379"},{"taxonomy":"post_tag","embeddable":true,"href":"https:\/\/www.europesays.com\/fr\/wp-json\/wp\/v2\/tags?post=26379"}],"curies":[{"name":"wp","href":"https:\/\/api.w.org\/{rel}","templated":true}]}}