{"id":263796,"date":"2025-07-21T16:53:09","date_gmt":"2025-07-21T16:53:09","guid":{"rendered":"https:\/\/www.europesays.com\/fr\/263796\/"},"modified":"2025-07-21T16:53:09","modified_gmt":"2025-07-21T16:53:09","slug":"cette-boutique-a-ferme-sans-crier-gare","status":"publish","type":"post","link":"https:\/\/www.europesays.com\/fr\/263796\/","title":{"rendered":"cette boutique a ferm\u00e9 sans crier gare"},"content":{"rendered":"<p>            Par<br \/>\n        <strong><br \/>\n            <a href=\"https:\/\/actu.fr\/auteur\/hervine-mahaud\" title=\"Consulter tous les articles de Hervine Mahaud\" target=\"_blank\" rel=\"noopener\">Hervine Mahaud<\/a><br \/>\n        <\/strong><\/p>\n<p>        Publi\u00e9 le<\/p>\n<p>            21 juil. 2025 \u00e0 18h26        <\/p>\n<p>Elle avait l\u2019une des plus belles vitrines du <b>Vieux-Lille<\/b>, vitrine devant laquelle on s\u2019arr\u00eatait pour admirer, sans forc\u00e9ment pousser la porte ensuite. La <b>boutique Repetto<\/b>, qui \u00e9tait situ\u00e9e <b>rue de la Grande Chauss\u00e9e <\/b>\u00e0 <a href=\"https:\/\/actu.fr\/hauts-de-france\/lille_59350\" target=\"_blank\" rel=\"noopener\">Lille<\/a> (Nord), <b>a ferm\u00e9 subitement ses portes en juin 2025<\/b>. Cette <b>marque fran\u00e7aise iconique<\/b>, connue dans le monde entier pour ses <b>ballerines<\/b> en cuir, \u00e9tait install\u00e9e depuis 2010 dans la capitale des Flandres.<\/p>\n<p>Pendant 15 ans, les vitrines f\u00e9\u00e9riques de Repetto \u00e9merveillent le Vieux-Lille<\/p>\n<p class=\" wall-content\">On s\u2019\u00e9tait habitu\u00e9s au tutu de danseuse \u00e9toile, \u00e0 la farandole des souliers et autres ornements port\u00e9s par les petits rats de l\u2019op\u00e9ra. Ces articles raffin\u00e9s faisaient la fiert\u00e9 de la boutique Repetto, situ\u00e9e au 13-15 rue de la Grande Chauss\u00e9e. La marque n\u00e9e en 1947, symbole de l\u2019\u00e9l\u00e9gance \u00e0 la fran\u00e7aise et ador\u00e9e des stars telles que Gainsbourg, Birkin, Kate Moss et Amy Winehouse, s\u2019\u00e9tait install\u00e9e en 2010. \u00c0 cette \u00e9poque, la ballerine en cuir d\u2019agneau Repetto \u00e9tait le Graal pour quiconque s\u2019int\u00e9resse de pr\u00e8s \u00e0 la mode.<\/p>\n<p class=\" wall-content\">Mais voil\u00e0, 15 ans plus tard, c\u2019est une boutique totalement vide, avec le nom de la marque gratt\u00e9 pour ne plus appara\u00eetre sur les vitrines, que l\u2019on d\u00e9couvre au hasard d\u2019une balade. \u00ab\u00a0Oh mince, c\u2019est ferm\u00e9 !\u00a0\u00bb, peut-on entendre dans la bouche des badauds, qui aimaient contemplaient la fa\u00e7ade lors de leurs vir\u00e9es shopping.<\/p>\n<p>L\u2019institution parisienne fait face \u00e0 des difficult\u00e9s financi\u00e8res<\/p>\n<p class=\" wall-content\">Sur Google, la fiche de Repetto \u00e0 Lille indique que le magasin est \u00ab\u00a0d\u00e9finitivement ferm\u00e9\u00a0\u00bb. Sur le site de la marque, on ne retrouve plus aucune trace de la boutique lilloise. Notre demande de pr\u00e9cisions aupr\u00e8s de la griffe est rest\u00e9e lettre morte.<\/p>\n<p class=\" wall-content\">Mais alors, que s\u2019est-il pass\u00e9 pour que Repetto d\u00e9cide de quitter une grande ville telle que Lille ? Par chance, un agent immobilier charg\u00e9 de commercialiser le prestigieux local nous en dit un peu plus. \u00ab\u00a0C\u2019est ferm\u00e9 depuis un petit mois (depuis mi-juin, ndlr). C\u2019\u00e9tait compliqu\u00e9 pour la marque.\u00a0\u00bb\u00a0<\/p>\n<p class=\" wall-content\">En effet, d\u00e9ficitaire ces derni\u00e8res ann\u00e9es, l\u2019institution parisienne a \u00e9t\u00e9 confront\u00e9e \u00e0 la fermeture de ses boutiques pendant les deux confinements. \u00c0 Paris, l\u2019absence de touristes a largement impact\u00e9 ses ventes. C\u2019est pourquoi en 2021 <a href=\"https:\/\/actu.fr\/ile-de-france\/paris_75056\/le-fabricant-de-chaussures-repetto-institution-de-paris-veut-supprimer-une-cinquantaine-d-emplois_39037698.html\" target=\"_blank\" rel=\"noopener\">un plan de licenciement avait du \u00eatre mis en place<\/a>, notamment dans <a href=\"https:\/\/actu.fr\/nouvelle-aquitaine\/saint-medard-d-excideuil_24463\/dordogne-repetto-le-succe-s-pas-a-pas_50226716.html\" target=\"_blank\" rel=\"noopener\">les ateliers situ\u00e9s en Dordogne<\/a>, pour r\u00e9duire les d\u00e9penses.<\/p>\n<p>La rue de la Grande Chauss\u00e9e devient une rue mal chauss\u00e9e<\/p>\n<p class=\" wall-content\">Autrefois consid\u00e9r\u00e9e comme l\u2019une des plus belles art\u00e8res commerciales, avec ses boutiques haut de gamme et de luxe, la rue de la Grande Chauss\u00e9e semble se vider peu \u00e0 peu. Cela remonte d\u00e9j\u00e0 \u00e0 2020, avec le d\u00e9m\u00e9nagement de La Botte Chantilly, v\u00e9ritable institution lilloise de la chaussure, partie rue Lepelletier. Il y a aussi eu les d\u00e9m\u00e9nagements de <a href=\"https:\/\/actu.fr\/hauts-de-france\/lille_59350\/vieux-lille-ouverture-imminente-d-une-nouvelle-enseigne-dans-l-huitriere-historique_50516252.html\" target=\"_blank\" rel=\"noopener\">Louis Vuitton en 2022<\/a> et <a href=\"https:\/\/actu.fr\/hauts-de-france\/lille_59350\/lille-decouvrez-en-images-la-magnifique-nouvelle-boutique-hermes-avant-son-ouverture-jeudi_61925555.html\" target=\"_blank\" rel=\"noopener\">Herm\u00e8s en 2024<\/a> pour la rue des Chats Bossus. En janvier 2025, c\u2019est la griffe de chaussures Free Lance qui a pli\u00e9 bagage.\u00a0<\/p>\n<p class=\" wall-content\">Avec la fermeture de Repetto, c\u2019est donc un nouveau coup dur pour cette\u00a0belle art\u00e8re marquant le d\u00e9but du Vieux-Lille. Esp\u00e9rons que le prochain occupant des lieux redore le blason de cet axe majeur de Lille.<\/p>\n<p class=\" wall-content\">Suivez toute l\u2019actualit\u00e9 de vos villes et m\u00e9dias favoris en vous inscrivant \u00e0 <a href=\"https:\/\/moncompte.actu.fr\" title=\"D\u00e9couvez Mon Actu\" rel=\"nofollow noopener\" data-trk=\"{&quot;cta&quot;:{&quot;action&quot;:&quot;https:\\\/\\\/moncompte.actu.fr&quot;,&quot;category&quot;:&quot;mon compte&quot;,&quot;from&quot;:&quot;article footer&quot;,&quot;name&quot;:&quot;Mon actu&quot;,&quot;type&quot;:&quot;cta&quot;}}\" target=\"_blank\">Mon Actu<\/a>.<\/p>\n","protected":false},"excerpt":{"rendered":"Par Hervine Mahaud Publi\u00e9 le 21 juil. 2025 \u00e0 18h26 Elle avait l\u2019une des plus belles vitrines du&hellip;\n","protected":false},"author":2,"featured_media":263797,"comment_status":"","ping_status":"","sticky":false,"template":"","format":"standard","meta":{"footnotes":""},"categories":[2815],"tags":[1111,11,215,33,1777,674,1011,27,811,1307,12,25,2422],"class_list":{"0":"post-263796","1":"post","2":"type-post","3":"status-publish","4":"format-standard","5":"has-post-thumbnail","7":"category-lille","8":"tag-actu","9":"tag-actualites","10":"tag-commerce","11":"tag-economie","12":"tag-eu","13":"tag-europe","14":"tag-fr","15":"tag-france","16":"tag-hauts-de-france","17":"tag-lille","18":"tag-news","19":"tag-republique-francaise","20":"tag-textile"},"share_on_mastodon":{"url":"https:\/\/pubeurope.com\/@fr\/114892269434421246","error":""},"_links":{"self":[{"href":"https:\/\/www.europesays.com\/fr\/wp-json\/wp\/v2\/posts\/263796","targetHints":{"allow":["GET"]}}],"collection":[{"href":"https:\/\/www.europesays.com\/fr\/wp-json\/wp\/v2\/posts"}],"about":[{"href":"https:\/\/www.europesays.com\/fr\/wp-json\/wp\/v2\/types\/post"}],"author":[{"embeddable":true,"href":"https:\/\/www.europesays.com\/fr\/wp-json\/wp\/v2\/users\/2"}],"replies":[{"embeddable":true,"href":"https:\/\/www.europesays.com\/fr\/wp-json\/wp\/v2\/comments?post=263796"}],"version-history":[{"count":0,"href":"https:\/\/www.europesays.com\/fr\/wp-json\/wp\/v2\/posts\/263796\/revisions"}],"wp:featuredmedia":[{"embeddable":true,"href":"https:\/\/www.europesays.com\/fr\/wp-json\/wp\/v2\/media\/263797"}],"wp:attachment":[{"href":"https:\/\/www.europesays.com\/fr\/wp-json\/wp\/v2\/media?parent=263796"}],"wp:term":[{"taxonomy":"category","embeddable":true,"href":"https:\/\/www.europesays.com\/fr\/wp-json\/wp\/v2\/categories?post=263796"},{"taxonomy":"post_tag","embeddable":true,"href":"https:\/\/www.europesays.com\/fr\/wp-json\/wp\/v2\/tags?post=263796"}],"curies":[{"name":"wp","href":"https:\/\/api.w.org\/{rel}","templated":true}]}}