{"id":263798,"date":"2025-07-21T16:54:09","date_gmt":"2025-07-21T16:54:09","guid":{"rendered":"https:\/\/www.europesays.com\/fr\/263798\/"},"modified":"2025-07-21T16:54:09","modified_gmt":"2025-07-21T16:54:09","slug":"le-plongeon-politique-du-candidat-ecologiste-stephane-baly-dans-la-deule","status":"publish","type":"post","link":"https:\/\/www.europesays.com\/fr\/263798\/","title":{"rendered":"le plongeon politique du candidat \u00e9cologiste St\u00e9phane Baly dans la De\u00fble"},"content":{"rendered":"<p>            Par<br \/>\n        <strong><br \/>\n            <a href=\"https:\/\/actu.fr\/auteur\/bastien-grossin\" title=\"Consulter tous les articles de Bastien Grossin\" rel=\"nofollow noopener\" target=\"_blank\">Bastien Grossin<\/a><br \/>\n        <\/strong><\/p>\n<p>        Publi\u00e9 le<\/p>\n<p>            21 juil. 2025 \u00e0 17h46        <\/p>\n<p>Avec le d\u00e9r\u00e8glement climatique, on le sait, les pics de chaleur sont toujours plus fr\u00e9quents, toujours plus forts. Les points de fra\u00eecheur dans les villes deviennent alors n\u00e9cessaires au quotidien des habitants et des touristes. \u00c0 l\u2019approche des <a href=\"https:\/\/actu.fr\/tag\/municipales-2026\" rel=\"nofollow noopener\" target=\"_blank\">\u00e9lections municipales de 2026<\/a>, cette question est d\u00e9j\u00e0 au c\u0153ur des d\u00e9bats \u00e0 <a href=\"https:\/\/actu.fr\/tag\/lille\" rel=\"nofollow noopener\" target=\"_blank\">Lille<\/a> (Nord). En effet, le candidat \u00e9cologiste<b> St\u00e9phane Baly s\u2019est baign\u00e9 dans la De\u00fble <\/b>ce <b>samedi 19\u00a0juillet 2025<\/b> \u00e0 l\u2019occasion de la \u00ab\u2009swimpride\u2009\u00bb organis\u00e9e par l\u2019association Lille Eau Libre. \u00ab\u2009Cet acte symbolique ouvre une v\u00e9ritable perspective politique\u2009\u00bb, explique le candidat. Le maire de Lille, Arnaud Deslandes, a r\u00e9agi ce lundi 21\u00a0juillet 2025\u2009: \u00ab<b>\u2009Il est assez irresponsable que le chef de l\u2019opposition soit all\u00e9 nager dans la De\u00fble car \u00e7a ne donne pas le bon exemple<\/b>.\u2009\u00bb<\/p>\n<p>Baignade strictement interdite \u00e0 Lille<\/p>\n<p class=\" wall-content\">En pr\u00e9vision des <a href=\"https:\/\/actu.fr\/tag\/jo-paris-2024\" rel=\"nofollow noopener\" target=\"_blank\">Jeux olympiques de 2024<\/a>, la ville de Paris avait lanc\u00e9 en 2017 un ambitieux \u00ab\u2009plan baignade\u2009\u00bb, estim\u00e9 \u00e0 1,4 milliard d\u2019euros. Depuis, plusieurs grandes villes comme Lyon ou Toulouse envisagent \u00e0 leur tour de rendre la baignade possible dans leurs cours d\u2019eau.<\/p>\n<p class=\" wall-content\">\u00c0 Lille, elle reste strictement interdite en raison de la pollution de l\u2019eau. Elle repr\u00e9sente m\u00eame un r\u00e9el risque sanitaire et physique pour les baigneurs \u00e0 cause des bact\u00e9ries et des d\u00e9bris pr\u00e9sents au fond de l\u2019eau. Pourtant, le d\u00e9bat refait surface \u00e0 huit mois des municipales de 2026. Le candidat \u00e9cologiste St\u00e9phane Baly s\u2019est mouill\u00e9 en se jetant dans la De\u00fble aux c\u00f4t\u00e9s de l\u2019association Lille Eau Libre, qui milite pour une r\u00e9appropriation des espaces aquatiques. Le candidat explique ce choix\u2009: \u00ab\u2009Je me suis baign\u00e9 dans la De\u00fble. Non pas pour inciter \u00e0 le faire, mais pour ouvrir une perspective. Chacun, chacune, a le droit d\u2019acc\u00e9der \u00e0 un lieu frais. Demain, maire de Lille en 2026, je souhaite mener les \u00e9tudes n\u00e9cessaires \u00e0 ouvrir un lieu de baignade \u00e0 Lille\u2009\u00bb.<\/p>\n<p>Ce qu&rsquo;en dit la majorit\u00e9 :\u00a0<\/p>\n<p>Ce lundi 21 juillet 2025, le maire de Lille, Arnaud Deslandes, a d\u00e9sapprouv\u00e9 l&rsquo;initiative du candidat \u00e9cologiste qu\u2019il qualifie \u00ab\u2009d\u2019irresponsable\u2009\u00bb. Il rappelle cependant\u2009: \u00ab\u2009C\u2019est un objectif qu\u2019on partage mais ce n\u2019est pas possible \u00e0 court terme et peut-\u00eatre m\u00eame \u00e0 moyen terme.\u2009\u00bb Charlotte Brun compl\u00e8te\u2009: \u00ab\u2009Se baigner dans la De\u00fble, nous le souhaitons le plus vite possible. Malheureusement aujourd\u2019hui, la De\u00fble est particuli\u00e8rement pollu\u00e9e. Se baigner dedans est \u00e9galement dangereux. Sauter dans la De\u00fble, c\u2019est prendre le risque de sauter sur un d\u00e9bris. Il y a tous les ans des accidents parfois mortels. On a \u00e9galement travaill\u00e9 avec des porteurs de projets et \u00e0 cette occasion que le degr\u00e9 de pollution \u00e9tait tel, qu\u2019il emp\u00eachait, \u00e0 court et moyen terme, de cr\u00e9er des bassins de nage\u2009\u00bb.<\/p>\n<p class=\" wall-content\">Aujourd\u2019hui, St\u00e9phane Baly et son \u00e9quipe ont identifi\u00e9 <b>deux lieux de baignade potentiels \u00e0 Lille<\/b>. Il s\u2019agit de<b> l\u2019Esplanade <\/b>et du <b>quai du Wault<\/b>. Ces endroits n\u2019ont pas \u00e9t\u00e9 choisis al\u00e9atoirement. En effet si rendre la De\u00fble baignable semble impossible \u00e0 court et moyen terme, l\u2019Esplanade et le quai du Wault fonctionnent en circuit ferm\u00e9. Comme le rappelle St\u00e9phan Baly\u2009: \u00ab\u2009Plusieurs millions de m\u00e8tres cubes d\u2019eau issus de la nappe phr\u00e9atique sont annuellement pomp\u00e9s sous le parking du Palais des Beaux-Arts et vers\u00e9s au niveau du Quai du Wault et de l\u2019Esplanade, ce qui facilite l\u2019obtention d\u2019une eau conforme \u00e0 la baignade.\u2009\u00bb<\/p>\n<p>Quatre cat\u00e9gories de baignades<\/p>\n<p class=\" wall-content\">Une fois l\u2019objectif atteint, une nouvelle question se pose\u2009: quel type de baignade proposer\u2009? Quatre grandes cat\u00e9gories existent\u2009:<\/p>\n<ul class=\" wall-content\">\n<li>\u201cam\u00e9nag\u00e9es, surveill\u00e9es, payantes ou gratuites\u201d<\/li>\n<li>\u201cam\u00e9nag\u00e9es mais non surveill\u00e9es\u201d<\/li>\n<li>\u201cnon am\u00e9nag\u00e9es, non surveill\u00e9es et non interdites\u201d<\/li>\n<li>\u201cdangereuses et interdites\u201d<\/li>\n<\/ul>\n<p class=\" wall-content\">Parmi ces options, St\u00e9phane Baly plaide pour un projet ambitieux avec une baignade surveill\u00e9e. \u00ab\u2009J\u2019esp\u00e8re que bient\u00f4t, les enfants pourront \u00e0 nouveau apprendre \u00e0 nager dans la De\u00fble\u2009\u00bb, confie-t-il.<\/p>\n<p>Une mesure \u00e9cologique et sociale<\/p>\n<p class=\" wall-content\">Apr\u00e8s avoir nag\u00e9 dans la De\u00fble, St\u00e9phane Baly explique l\u2019int\u00e9r\u00eat de cette mesure\u2009: \u00ab\u2009Nous avons v\u00e9cu le mois de juin le plus chaud de notre Histoire, avec une canicule qui a perturb\u00e9 notre quotidien. Lorsqu\u2019on a tr\u00e8s chaud, on a besoin de se rafra\u00eechir. De plus, chaque ann\u00e9e, un nombre important de Lilloises et de Lillois ne partent pas en vacances. Ouvrir des lieux de baignade est une mesure sociale, \u00e9cologique et populaire.\u2009\u00bb Avec ce projet, il esp\u00e8re \u00e9galement la <b>\u00ab\u2009reconqu\u00eate du biotope\u2009\u00bb<\/b>, \u00e0 savoir le lieu de vie d\u2019un ensemble d\u2019\u00eatres vivants.<\/p>\n<p class=\" wall-content\">Suivez toute l\u2019actualit\u00e9 de vos villes et m\u00e9dias favoris en vous inscrivant \u00e0 <a href=\"https:\/\/moncompte.actu.fr\" title=\"D\u00e9couvez Mon Actu\" rel=\"nofollow noopener\" data-trk=\"{&quot;cta&quot;:{&quot;action&quot;:&quot;https:\\\/\\\/moncompte.actu.fr&quot;,&quot;category&quot;:&quot;mon compte&quot;,&quot;from&quot;:&quot;article footer&quot;,&quot;name&quot;:&quot;Mon actu&quot;,&quot;type&quot;:&quot;cta&quot;}}\" target=\"_blank\">Mon Actu<\/a>.<\/p>\n","protected":false},"excerpt":{"rendered":"Par Bastien Grossin Publi\u00e9 le 21 juil. 2025 \u00e0 17h46 Avec le d\u00e9r\u00e8glement climatique, on le sait, les&hellip;\n","protected":false},"author":2,"featured_media":263799,"comment_status":"","ping_status":"","sticky":false,"template":"","format":"standard","meta":{"footnotes":""},"categories":[2815],"tags":[1111,11,1777,674,1011,27,811,1307,3434,12,316,25],"class_list":{"0":"post-263798","1":"post","2":"type-post","3":"status-publish","4":"format-standard","5":"has-post-thumbnail","7":"category-lille","8":"tag-actu","9":"tag-actualites","10":"tag-eu","11":"tag-europe","12":"tag-fr","13":"tag-france","14":"tag-hauts-de-france","15":"tag-lille","16":"tag-municipales-2026","17":"tag-news","18":"tag-politique","19":"tag-republique-francaise"},"share_on_mastodon":{"url":"https:\/\/pubeurope.com\/@fr\/114892273357382687","error":""},"_links":{"self":[{"href":"https:\/\/www.europesays.com\/fr\/wp-json\/wp\/v2\/posts\/263798","targetHints":{"allow":["GET"]}}],"collection":[{"href":"https:\/\/www.europesays.com\/fr\/wp-json\/wp\/v2\/posts"}],"about":[{"href":"https:\/\/www.europesays.com\/fr\/wp-json\/wp\/v2\/types\/post"}],"author":[{"embeddable":true,"href":"https:\/\/www.europesays.com\/fr\/wp-json\/wp\/v2\/users\/2"}],"replies":[{"embeddable":true,"href":"https:\/\/www.europesays.com\/fr\/wp-json\/wp\/v2\/comments?post=263798"}],"version-history":[{"count":0,"href":"https:\/\/www.europesays.com\/fr\/wp-json\/wp\/v2\/posts\/263798\/revisions"}],"wp:featuredmedia":[{"embeddable":true,"href":"https:\/\/www.europesays.com\/fr\/wp-json\/wp\/v2\/media\/263799"}],"wp:attachment":[{"href":"https:\/\/www.europesays.com\/fr\/wp-json\/wp\/v2\/media?parent=263798"}],"wp:term":[{"taxonomy":"category","embeddable":true,"href":"https:\/\/www.europesays.com\/fr\/wp-json\/wp\/v2\/categories?post=263798"},{"taxonomy":"post_tag","embeddable":true,"href":"https:\/\/www.europesays.com\/fr\/wp-json\/wp\/v2\/tags?post=263798"}],"curies":[{"name":"wp","href":"https:\/\/api.w.org\/{rel}","templated":true}]}}