{"id":263800,"date":"2025-07-21T16:55:13","date_gmt":"2025-07-21T16:55:13","guid":{"rendered":"https:\/\/www.europesays.com\/fr\/263800\/"},"modified":"2025-07-21T16:55:13","modified_gmt":"2025-07-21T16:55:13","slug":"adolescentes-de-15-et-16-ans-portees-disparues-depuis-le-25-juin-lune-a-ete-retrouvee-a-marseille-son-amie-en-espagne","status":"publish","type":"post","link":"https:\/\/www.europesays.com\/fr\/263800\/","title":{"rendered":"Adolescentes de 15 et 16 ans port\u00e9es disparues depuis le 25 juin: l&rsquo;une a \u00e9t\u00e9 retrouv\u00e9e \u00e0 Marseille, son amie en Espagne"},"content":{"rendered":"<p>C&rsquo;est un grand ouf de soulagement que <a href=\"https:\/\/www.nicematin.com\/faits-divers\/s-il-t-arrive-malheur-nous-n-y-survivrons-pas-l-appel-desespere-a-sofia-et-djouliana-15-et-16-ans-qui-ont-disparu-dans-une-cite-992980\" rel=\"nofollow noopener\" target=\"_blank\">Sylvain, le p\u00e8re de Sofia, 15 ans<\/a>, a pu pousser lorsqu&rsquo;il a appris la pr\u00e9sence de sa fille \u00e0 Marseille. La jeune fille, originaire de la r\u00e9gion nantaise, avait quitt\u00e9 le domicile familiale dans la nuit du 25 au 26 juin 2025.\u00a0<\/p>\n<p>Dans sa cavale, elle \u00e9tait accompagn\u00e9e par son amie Djouliana, 16 ans, d\u00e9j\u00e0 connue pour des fugues. D&rsquo;apr\u00e8s Sud-Ouest, le p\u00e8re de cette derni\u00e8re a pris contact avec les enqu\u00eateurs du commissariat central de Nantes le mardi 15\u00a0juillet, pour indiquer qu\u2019elle se trouvait en Espagne.\u00a0<\/p>\n<p>Enqu\u00eate pour disparition inqui\u00e9tante<\/p>\n<p>Le procureur de la R\u00e9publique de Nantes avait ouvert une enqu\u00eate pour disparition inqui\u00e9tante dans les jours qui ont suivi le d\u00e9part, en pleine nuit, des deux ados. Le t\u00e9l\u00e9phone de l&rsquo;a\u00een\u00e9e avait \u00e9t\u00e9 confisqu\u00e9 par son p\u00e8re, tandis que celui de Sofia ne r\u00e9pondait plus et avait \u00e9t\u00e9 \u00e9teint.\u00a0<\/p>\n<p>Scolaris\u00e9es en internat dans le m\u00eame \u00e9tablissement scolaire, Sofia et Djouliana &#8211; qui ne s&rsquo;\u00e9tait d&rsquo;ailleurs pas pr\u00e9sent\u00e9 \u00e0 l&rsquo;\u00e9preuve du brevet le matin de sa disparition-, \u00e9taient parties ensemble.<\/p>\n<p>\u00ab\u00a0Apr\u00e8s plus de 15 jours d&rsquo;attente, j&rsquo;ai retrouv\u00e9 ma Sofia, tr\u00e8s loin de Nantes, mais nous sommes r\u00e9unis et elle est en bonne sant\u00e9\u00a0\u00bb, a-t-il pr\u00e9cis\u00e9.\u00a0<\/p>\n<p>Reconstituer leurs parcours<\/p>\n<p>La fille \u00e2g\u00e9e de 15 ans a pu contacter sa m\u00e8re le 12 juillet et elle a pu \u00eatre conduite dans un commissariat de Marseille. Depuis, son p\u00e8re est all\u00e9e la chercher pour la ramener Loire-Atlantique. L\u2019adolescente a \u00e9t\u00e9 entendue par les services de police.\u00a0<\/p>\n<p>Djouliana a donn\u00e9 signe de vie le 15 juillet, en expliquant \u00e0 ses parents \u00eatre en&#8230; Espagne.\u00a0<\/p>\n<p>Les policiers cherchent \u00e0 reconstituer le parcours des deux amies et \u00e0 conna\u00eetre l&rsquo;identit\u00e9 des personnes qui auraient pu les aider dans leur cavale dans les Bouches-du-Rh\u00f4ne et en Espagne.\u00a0<\/p>\n","protected":false},"excerpt":{"rendered":"C&rsquo;est un grand ouf de soulagement que Sylvain, le p\u00e8re de Sofia, 15 ans, a pu pousser lorsqu&rsquo;il&hellip;\n","protected":false},"author":2,"featured_media":263801,"comment_status":"","ping_status":"","sticky":false,"template":"","format":"standard","meta":{"footnotes":""},"categories":[2814],"tags":[1111,11,1777,674,1011,27,303,884,12,882,25],"class_list":{"0":"post-263800","1":"post","2":"type-post","3":"status-publish","4":"format-standard","5":"has-post-thumbnail","7":"category-marseille","8":"tag-actu","9":"tag-actualites","10":"tag-eu","11":"tag-europe","12":"tag-fr","13":"tag-france","14":"tag-justice","15":"tag-marseille","16":"tag-news","17":"tag-provence-alpes-cote-dazur","18":"tag-republique-francaise"},"share_on_mastodon":{"url":"https:\/\/pubeurope.com\/@fr\/114892277625840241","error":""},"_links":{"self":[{"href":"https:\/\/www.europesays.com\/fr\/wp-json\/wp\/v2\/posts\/263800","targetHints":{"allow":["GET"]}}],"collection":[{"href":"https:\/\/www.europesays.com\/fr\/wp-json\/wp\/v2\/posts"}],"about":[{"href":"https:\/\/www.europesays.com\/fr\/wp-json\/wp\/v2\/types\/post"}],"author":[{"embeddable":true,"href":"https:\/\/www.europesays.com\/fr\/wp-json\/wp\/v2\/users\/2"}],"replies":[{"embeddable":true,"href":"https:\/\/www.europesays.com\/fr\/wp-json\/wp\/v2\/comments?post=263800"}],"version-history":[{"count":0,"href":"https:\/\/www.europesays.com\/fr\/wp-json\/wp\/v2\/posts\/263800\/revisions"}],"wp:featuredmedia":[{"embeddable":true,"href":"https:\/\/www.europesays.com\/fr\/wp-json\/wp\/v2\/media\/263801"}],"wp:attachment":[{"href":"https:\/\/www.europesays.com\/fr\/wp-json\/wp\/v2\/media?parent=263800"}],"wp:term":[{"taxonomy":"category","embeddable":true,"href":"https:\/\/www.europesays.com\/fr\/wp-json\/wp\/v2\/categories?post=263800"},{"taxonomy":"post_tag","embeddable":true,"href":"https:\/\/www.europesays.com\/fr\/wp-json\/wp\/v2\/tags?post=263800"}],"curies":[{"name":"wp","href":"https:\/\/api.w.org\/{rel}","templated":true}]}}