{"id":263802,"date":"2025-07-21T16:56:09","date_gmt":"2025-07-21T16:56:09","guid":{"rendered":"https:\/\/www.europesays.com\/fr\/263802\/"},"modified":"2025-07-21T16:56:09","modified_gmt":"2025-07-21T16:56:09","slug":"les-contrevenants-convoques-en-mairie-pour-un-rappel-a-lordre","status":"publish","type":"post","link":"https:\/\/www.europesays.com\/fr\/263802\/","title":{"rendered":"les contrevenants convoqu\u00e9s en mairie pour un rappel \u00e0 l&rsquo;ordre"},"content":{"rendered":"<p>\u00ab\u00a0Il vous est reproch\u00e9 d\u2019avoir effectu\u00e9 des <a href=\"https:\/\/www.laprovence.com\/article\/faits-divers-justice\/1055043287800515\/marseille-un-jeune-homme-grievement-blesse-lors-dun-plongeon-sur-la-corniche\" target=\"_blank\" rel=\"nofollow noopener\">plongeons depuis la Corniche<\/a>, une pratique interdite par arr\u00eat\u00e9 municipal\u00a0\u00bb, lance Yannick Ohanessian, adjoint au maire (PS) en charge de la s\u00e9curit\u00e9, aux trois adolescents de 15 ans assis face \u00e0 lui dans la salle des mariages de l\u2019h\u00f4tel de ville de Marseille, transform\u00e9e en avant-go\u00fbt de tribunal.<\/p>\n<p>Lundi 21\u00a0juillet, pour la premi\u00e8re fois, la Ville consacrait sa cellule de citoyennet\u00e9 et de tranquillit\u00e9 publique (CCTP) \u00e0 la lutte contre les <a href=\"https:\/\/www.laprovence.com\/article\/region\/1389952356737215\/video-dangereux-et-interdit-le-phenomene-des-plongeons-sauvages-depuis-la-corniche-samplifie\" target=\"_blank\" rel=\"nofollow noopener\">plongeons sauvages<\/a> depuis la Corniche Kennedy, interdits depuis\u00a02006.<\/p>\n<p>Lanc\u00e9e en\u00a02013 pour lutter contre l\u2019absent\u00e9isme scolaire, la CCTP est un des outils phare de la pr\u00e9vention des petits faits de d\u00e9linquance que la Ville \u00e9tend aujourd\u2019hui \u00e0 d\u2019autres th\u00e9matiques, comme le <a href=\"https:\/\/www.laprovence.com\/article\/region\/17466392438678\/protoxyde-d-azote-a-marseille-les-consommateurs-convoques-a-l-hotel-de-ville-pour-un-rappel-a-l-ordre\" target=\"_blank\" rel=\"nofollow noopener\">protoxyde d\u2019azote<\/a> ou l\u2019occupation ill\u00e9gale de l\u2019espace public. Le principe est simple\u00a0: le jeune et sa famille sont convoqu\u00e9s devant le maire ou son repr\u00e9sentant et ses partenaires (l\u2019\u00c9ducation nationale, le parquet, les marins-pompiers\u2026) qui proc\u00e8dent \u00e0 un rappel \u00e0 l\u2019ordre.<\/p>\n","protected":false},"excerpt":{"rendered":"\u00ab\u00a0Il vous est reproch\u00e9 d\u2019avoir effectu\u00e9 des plongeons depuis la Corniche, une pratique interdite par arr\u00eat\u00e9 municipal\u00a0\u00bb, lance&hellip;\n","protected":false},"author":2,"featured_media":263803,"comment_status":"","ping_status":"","sticky":false,"template":"","format":"standard","meta":{"footnotes":""},"categories":[2814],"tags":[17,1111,11,40321,24626,7958,394,1777,674,1011,27,151,884,12,36830,882,16,25],"class_list":{"0":"post-263802","1":"post","2":"type-post","3":"status-publish","4":"format-standard","5":"has-post-thumbnail","7":"category-marseille","8":"tag-17","9":"tag-actu","10":"tag-actualites","11":"tag-contrevenants","12":"tag-convoques","13":"tag-corniche","14":"tag-depuis","15":"tag-eu","16":"tag-europe","17":"tag-fr","18":"tag-france","19":"tag-les","20":"tag-marseille","21":"tag-news","22":"tag-plongeon","23":"tag-provence-alpes-cote-dazur","24":"tag-region","25":"tag-republique-francaise"},"share_on_mastodon":{"url":"https:\/\/pubeurope.com\/@fr\/114892281212936626","error":""},"_links":{"self":[{"href":"https:\/\/www.europesays.com\/fr\/wp-json\/wp\/v2\/posts\/263802","targetHints":{"allow":["GET"]}}],"collection":[{"href":"https:\/\/www.europesays.com\/fr\/wp-json\/wp\/v2\/posts"}],"about":[{"href":"https:\/\/www.europesays.com\/fr\/wp-json\/wp\/v2\/types\/post"}],"author":[{"embeddable":true,"href":"https:\/\/www.europesays.com\/fr\/wp-json\/wp\/v2\/users\/2"}],"replies":[{"embeddable":true,"href":"https:\/\/www.europesays.com\/fr\/wp-json\/wp\/v2\/comments?post=263802"}],"version-history":[{"count":0,"href":"https:\/\/www.europesays.com\/fr\/wp-json\/wp\/v2\/posts\/263802\/revisions"}],"wp:featuredmedia":[{"embeddable":true,"href":"https:\/\/www.europesays.com\/fr\/wp-json\/wp\/v2\/media\/263803"}],"wp:attachment":[{"href":"https:\/\/www.europesays.com\/fr\/wp-json\/wp\/v2\/media?parent=263802"}],"wp:term":[{"taxonomy":"category","embeddable":true,"href":"https:\/\/www.europesays.com\/fr\/wp-json\/wp\/v2\/categories?post=263802"},{"taxonomy":"post_tag","embeddable":true,"href":"https:\/\/www.europesays.com\/fr\/wp-json\/wp\/v2\/tags?post=263802"}],"curies":[{"name":"wp","href":"https:\/\/api.w.org\/{rel}","templated":true}]}}