{"id":263810,"date":"2025-07-21T17:01:11","date_gmt":"2025-07-21T17:01:11","guid":{"rendered":"https:\/\/www.europesays.com\/fr\/263810\/"},"modified":"2025-07-21T17:01:11","modified_gmt":"2025-07-21T17:01:11","slug":"la-bourse-de-paris-termine-en-legere-baisse-actualites","status":"publish","type":"post","link":"https:\/\/www.europesays.com\/fr\/263810\/","title":{"rendered":"La Bourse de Paris termine en l\u00e9g\u00e8re baisse : Actualit\u00e9s"},"content":{"rendered":"<p class=\"lead \">La Bourse de Paris a fini en l\u00e9ger recul lundi, dans l&rsquo;attente d&rsquo;une salve de r\u00e9sultats d&rsquo;entreprises cette semaine et de la r\u00e9union de politique mon\u00e9taire de la Banque centrale europ\u00e9enne (BCE) jeudi.<\/p>\n<p class=\"lead \">L&rsquo;indice vedette CAC 40 a recul\u00e9 de 0,31%, soit de 24,45 points, pour se porter \u00e0 7.798,22 points. Vendredi, il avait termin\u00e9 stable (+0,01%).<\/p>\n<p class=\"lead \">\u00ab\u00a0Cette semaine, les march\u00e9s entrent dans le dur de la saison des r\u00e9sultats\u00a0\u00bb, a r\u00e9sum\u00e9 Vincent Juvyns, strat\u00e9giste chez ING, interrog\u00e9 par l&rsquo;AFP.<\/p>\n<p class=\"lead \">Les publications de 189 des entreprises cot\u00e9es sur l&rsquo;indice paneurop\u00e9en Stoxx Europe 600 sont attendues.<\/p>\n<p class=\"lead \">Mais \u00ab\u00a0l&rsquo;ambiance est morose, alors que les premiers effets de la politique de droits de douane am\u00e9ricains et de la forte hausse de l&rsquo;euro devraient se faire sentir pour les entreprises exportatrices\u00a0\u00bb, a expliqu\u00e9 Vincent Juvyns.<\/p>\n<p class=\"lead \">En France, les investisseurs seront notamment particuli\u00e8rement attentifs \u00e0 la publication des r\u00e9sultats du g\u00e9ant du luxe LVMH, de l&rsquo;\u00e9nerg\u00e9ticien TotalEnergies et du groupe bancaire BNP Paribas.<\/p>\n<p class=\"lead \">Aux \u00c9tats-Unis, premi\u00e8re \u00e9conomie du monde, 135 des 500 entreprises composant l&rsquo;indice boursier am\u00e9ricain S&amp;P 500 publieront leurs r\u00e9sultats cette semaine, dont ceux des g\u00e9ants Alphabet (Google) et Tesla.<\/p>\n<p class=\"lead \">En Europe, la semaine sera aussi marqu\u00e9e par la r\u00e9union de politique mon\u00e9taire de la BCE jeudi, qui devrait laisser son taux de d\u00e9p\u00f4t inchang\u00e9 (\u00e0 2,0%).<\/p>\n<p class=\"lead \">\u00ab\u00a0Les march\u00e9s seront particuli\u00e8rement attentifs \u00e0 toute d\u00e9claration\u00a0\u00bb sur la mani\u00e8re \u00ab\u00a0dont la BCE per\u00e7oit l&rsquo;impact des droits de douane et la situation commerciale actuelle\u00a0\u00bb, a estim\u00e9 Vincent Juvyns.<\/p>\n<p class=\"lead \">Face aux incertitudes, les investisseurs ont achet\u00e9 des valeurs refuge, dettes d&rsquo;Etat en t\u00eate, ce qui a fait fondre les taux d&rsquo;int\u00e9r\u00eat.<\/p>\n<p class=\"lead \">Le rendement de l&#8217;emprunt fran\u00e7ais \u00e0 dix ans a nettement recul\u00e9, \u00e0 3,29%, contre 3,39% vendredi en cl\u00f4ture. Son \u00e9quivalent allemand, r\u00e9f\u00e9rence en Europe, a lui atteint 2,61%, contre 2,69% vendredi.<\/p>\n<p class=\"lead \">\u00ab\u00a0Il y a une recherche du rendement, face aux mauvaises perspectives \u00e9conomiques et commerciales\u00a0\u00bb, a relev\u00e9 Vincent Juvyns.<\/p>\n<p class=\"lead \">Stellantis r\u00e9siste \u00e0 sa lourde perte<\/p>\n<p class=\"lead \">Le g\u00e9ant automobile Stellantis (+1,60% \u00e0 8,04 euros \u00e0 la cl\u00f4ture) n&rsquo;a pas souffert, malgr\u00e9 l&rsquo;annonce d&rsquo;une perte nette de 2,3 milliards d&rsquo;euros au premier semestre, selon des r\u00e9sultats pr\u00e9liminaires non audit\u00e9s publi\u00e9s lundi. <\/p>\n<p class=\"lead \">Parmi les facteurs expliquant cette perte, Stellantis a d\u00e9sign\u00e9 les \u00ab\u00a0premiers effets des nouveaux tarifs douaniers am\u00e9ricains\u00a0\u00bb pour 300 millions d&rsquo;euros.<\/p>\n<p class=\"lead \"><a href=\"https:\/\/www.euronext.com\/fr\/products\/indices\/FR0003500008-XPAR\" target=\"_blank\" rel=\"noopener\">Euronext CAC40<\/a><\/p>\n<p class=\"small font-weight-bold text-gray3 \"> publi\u00e9 le 21 juillet \u00e0 18h39, AFP<\/p>\n<p>                             Partager<\/p>\n","protected":false},"excerpt":{"rendered":"La Bourse de Paris a fini en l\u00e9ger recul lundi, dans l&rsquo;attente d&rsquo;une salve de r\u00e9sultats d&rsquo;entreprises cette&hellip;\n","protected":false},"author":2,"featured_media":263811,"comment_status":"","ping_status":"","sticky":false,"template":"","format":"standard","meta":{"footnotes":""},"categories":[1888],"tags":[1111,1928,11,1927,340,1777,674,1011,27,6205,12,1926,626,1925,25],"class_list":{"0":"post-263810","1":"post","2":"type-post","3":"status-publish","4":"format-standard","5":"has-post-thumbnail","7":"category-paris","8":"tag-actu","9":"tag-actu-paris","10":"tag-actualites","11":"tag-actualites-paris","12":"tag-bourse","13":"tag-eu","14":"tag-europe","15":"tag-fr","16":"tag-france","17":"tag-marchs","18":"tag-news","19":"tag-news-paris","20":"tag-paris","21":"tag-paris-news","22":"tag-republique-francaise"},"share_on_mastodon":{"url":"https:\/\/pubeurope.com\/@fr\/114892300949477157","error":""},"_links":{"self":[{"href":"https:\/\/www.europesays.com\/fr\/wp-json\/wp\/v2\/posts\/263810","targetHints":{"allow":["GET"]}}],"collection":[{"href":"https:\/\/www.europesays.com\/fr\/wp-json\/wp\/v2\/posts"}],"about":[{"href":"https:\/\/www.europesays.com\/fr\/wp-json\/wp\/v2\/types\/post"}],"author":[{"embeddable":true,"href":"https:\/\/www.europesays.com\/fr\/wp-json\/wp\/v2\/users\/2"}],"replies":[{"embeddable":true,"href":"https:\/\/www.europesays.com\/fr\/wp-json\/wp\/v2\/comments?post=263810"}],"version-history":[{"count":0,"href":"https:\/\/www.europesays.com\/fr\/wp-json\/wp\/v2\/posts\/263810\/revisions"}],"wp:featuredmedia":[{"embeddable":true,"href":"https:\/\/www.europesays.com\/fr\/wp-json\/wp\/v2\/media\/263811"}],"wp:attachment":[{"href":"https:\/\/www.europesays.com\/fr\/wp-json\/wp\/v2\/media?parent=263810"}],"wp:term":[{"taxonomy":"category","embeddable":true,"href":"https:\/\/www.europesays.com\/fr\/wp-json\/wp\/v2\/categories?post=263810"},{"taxonomy":"post_tag","embeddable":true,"href":"https:\/\/www.europesays.com\/fr\/wp-json\/wp\/v2\/tags?post=263810"}],"curies":[{"name":"wp","href":"https:\/\/api.w.org\/{rel}","templated":true}]}}