{"id":263813,"date":"2025-07-21T17:03:11","date_gmt":"2025-07-21T17:03:11","guid":{"rendered":"https:\/\/www.europesays.com\/fr\/263813\/"},"modified":"2025-07-21T17:03:11","modified_gmt":"2025-07-21T17:03:11","slug":"a-la-garenne-colombes-lex-collaboratrice-de-philippe-juvin-conteste-son-licenciement-jai-senti-le-vent-tourner","status":"publish","type":"post","link":"https:\/\/www.europesays.com\/fr\/263813\/","title":{"rendered":"\u00c0 La\u00a0Garenne-Colombes, l\u2019ex-collaboratrice de Philippe Juvin conteste son licenciement\u00a0: \u00ab\u00a0J\u2019ai senti le vent tourner\u00a0\u00bb"},"content":{"rendered":"<p class=\"paragraph text_align_left lp-f-body-02\">Elle d\u00e9crit ces trois derni\u00e8res ann\u00e9es comme une longue descente aux enfers, marqu\u00e9e par des douleurs physiques et morales. Physiques d\u2019abord, car Isabelle Gaspar, qui a \u00e9t\u00e9 entre 2005 et 2022 la directrice de cabinet de Philippe Juvin alors maire (LR) de La Garenne-Colombes, a \u00e9t\u00e9 touch\u00e9e par le Covid au moment des <a href=\"https:\/\/www.leparisien.fr\/hauts-de-seine-92\/legislatives-dans-les-hauts-de-seine-elu-depute-juvin-sauve-lhonneur-pour-les-republicains-20-06-2022-2V6PQJS5ABCCDEQAUATZW65S2Y.php\" target=\"_blank\" rel=\"noreferrer noopener\">\u00e9lections l\u00e9gislatives de juin 2022<\/a>. Un <a href=\"https:\/\/www.leparisien.fr\/moselle-57\/depuis-plus-de-quatre-ans-cest-lenfer-le-combat-dun-medecin-malade-pour-alerter-sur-les-effets-du-covid-long-19-12-2024-SVQN64EGPZGHDNKPP6R3HUBUUE.php\" target=\"_blank\" rel=\"noreferrer noopener\">Covid long<\/a> diagnostiqu\u00e9 \u00e0 la rentr\u00e9e de la m\u00eame ann\u00e9e, apr\u00e8s une hospitalisation pour suspicion d\u2019AVC.<\/p>\n<p class=\"paragraph text_align_left lp-f-body-02\">Puis une douleur morale, puisqu\u2019elle assure avoir \u00e9t\u00e9 \u00e9cart\u00e9e de ses fonctions par celle qui a succ\u00e9d\u00e9 \u00e0 Philippe Juvin dans le fauteuil de maire, Monique Raimbault. Pour finalement \u00eatre licenci\u00e9e par cette derni\u00e8re en novembre. Isabelle Gaspar consid\u00e8re qu\u2019il s\u2019agit d\u2019un \u00ab licenciement abusif \u00bb et affirme avoir \u00e9t\u00e9 victime de \u00ab harc\u00e8lement moral \u00bb de la part de la nouvelle \u00e9dile.<\/p>\n","protected":false},"excerpt":{"rendered":"Elle d\u00e9crit ces trois derni\u00e8res ann\u00e9es comme une longue descente aux enfers, marqu\u00e9e par des douleurs physiques et&hellip;\n","protected":false},"author":2,"featured_media":263814,"comment_status":"","ping_status":"","sticky":false,"template":"","format":"standard","meta":{"footnotes":""},"categories":[1888],"tags":[11,1777,674,1011,27,3314,1944,12,626,25],"class_list":{"0":"post-263813","1":"post","2":"type-post","3":"status-publish","4":"format-standard","5":"has-post-thumbnail","7":"category-paris","8":"tag-actualites","9":"tag-eu","10":"tag-europe","11":"tag-fr","12":"tag-france","13":"tag-hauts-de-seine","14":"tag-ma-ville","15":"tag-news","16":"tag-paris","17":"tag-republique-francaise"},"share_on_mastodon":{"url":"https:\/\/pubeurope.com\/@fr\/114892308710049509","error":""},"_links":{"self":[{"href":"https:\/\/www.europesays.com\/fr\/wp-json\/wp\/v2\/posts\/263813","targetHints":{"allow":["GET"]}}],"collection":[{"href":"https:\/\/www.europesays.com\/fr\/wp-json\/wp\/v2\/posts"}],"about":[{"href":"https:\/\/www.europesays.com\/fr\/wp-json\/wp\/v2\/types\/post"}],"author":[{"embeddable":true,"href":"https:\/\/www.europesays.com\/fr\/wp-json\/wp\/v2\/users\/2"}],"replies":[{"embeddable":true,"href":"https:\/\/www.europesays.com\/fr\/wp-json\/wp\/v2\/comments?post=263813"}],"version-history":[{"count":0,"href":"https:\/\/www.europesays.com\/fr\/wp-json\/wp\/v2\/posts\/263813\/revisions"}],"wp:featuredmedia":[{"embeddable":true,"href":"https:\/\/www.europesays.com\/fr\/wp-json\/wp\/v2\/media\/263814"}],"wp:attachment":[{"href":"https:\/\/www.europesays.com\/fr\/wp-json\/wp\/v2\/media?parent=263813"}],"wp:term":[{"taxonomy":"category","embeddable":true,"href":"https:\/\/www.europesays.com\/fr\/wp-json\/wp\/v2\/categories?post=263813"},{"taxonomy":"post_tag","embeddable":true,"href":"https:\/\/www.europesays.com\/fr\/wp-json\/wp\/v2\/tags?post=263813"}],"curies":[{"name":"wp","href":"https:\/\/api.w.org\/{rel}","templated":true}]}}