{"id":263817,"date":"2025-07-21T17:05:18","date_gmt":"2025-07-21T17:05:18","guid":{"rendered":"https:\/\/www.europesays.com\/fr\/263817\/"},"modified":"2025-07-21T17:05:18","modified_gmt":"2025-07-21T17:05:18","slug":"guerre-en-ukraine-raids-dans-plusieurs-regions-reseau-de-renseignement-russe-institution-infiltree-les-autorites-ukrainiennes-sattaquent-aux-taupes","status":"publish","type":"post","link":"https:\/\/www.europesays.com\/fr\/263817\/","title":{"rendered":"Guerre en Ukraine\u00a0: raids dans plusieurs r\u00e9gions, r\u00e9seau de renseignement russe, institution infiltr\u00e9e\u2026 Les autorit\u00e9s ukrainiennes s\u2019attaquent \u00ab\u00a0aux taupes\u00a0\u00bb"},"content":{"rendered":"<p>\n                                                                L\u2019ancien parlementaire ukrainien Fedir Khrystenko, membre du parti d\u2019opposition pro-russe, fait partie des personnes qui ont \u00e9t\u00e9 interpell\u00e9es ce lundi 21\u00a0juillet par les autorit\u00e9s ukrainiennes.\n                            <\/p>\n<p>Ce lundi 21\u00a0juillet, sur son compte X,<strong> le Service de s\u00e9curit\u00e9 d\u2019Ukraine (SBU) <\/strong>a annonc\u00e9, en lien avec\u00a0le bureau du procureur g\u00e9n\u00e9ral, avoir men\u00e9<strong> une op\u00e9ration d\u2019ampleur <\/strong>\u00e0\u00a0travers le pays pour tenter de trouver<strong>\u00a0les \u00ab\u00a0taupes\u00a0\u00bb <\/strong>qui travaillent pour la Russie.<\/p>\n<p>En effet, selon les informations du<a href=\"https:\/\/www.kyivpost.com\/post\/56681\" target=\"_self\" rel=\"nofollow noopener\"> KyivPost,<\/a> une enqu\u00eate a\u00a0\u00e9t\u00e9 lanc\u00e9e apr\u00e8s <strong>des accusations du SBU<\/strong> qui affirmait que<strong> des personnes pouvaient avoir infiltr\u00e9<\/strong> le Bureau national de lutte contre la corruption d\u2019Ukraine (NABU).<\/p>\n<p>Parmi elles, deux individus\u00a0de haut-rang ont \u00e9t\u00e9 interpell\u00e9s apr\u00e8s des raids dans plusieurs r\u00e9gions du pays. On retrouve tout d\u2019abord <strong>un parlementaire ukrainien, Fedir Khrystenko,<\/strong> membre du parti d\u2019opposition pro-russe qui, selon <a href=\"https:\/\/ssu.gov.ua\/novyny\/sbu-ta-ohp-vykryly-chynnoho-narodnoho-deputata-ukrainy-u-roboti-na-rf-vin-mav-znachnyi-vplyv-na-diialnist-nabu-video\" target=\"_self\" rel=\"nofollow noopener\">un premier communiqu\u00e9, <\/a>\u00ab\u00a0\u00e9tait <strong>un agent de haut rang du Service f\u00e9d\u00e9ral de s\u00e9curit\u00e9 russe (FSB)<\/strong> et \u00e9tait <strong>responsable du renforcement de l\u2019influence russe <\/strong>sur le Bureau national anticorruption d\u2019Ukraine (NABU).<\/p>\n<p>\u00ab\u00a0Selon l\u2019enqu\u00eate, Khrystenko entretient actuellement des<strong> relations \u00e9troites avec certains dirigeants du Bureau.<\/strong> Parmi eux figure l\u2019un des chefs des services de d\u00e9tectives interr\u00e9gionaux du NABU, <strong>Ruslan Maghamedrasulov, arr\u00eat\u00e9 aujourd\u2019hui par le SBU<\/strong>, soup\u00e7onn\u00e9 de commerce avec la F\u00e9d\u00e9ration de Russie\u00a0\u00bb, est-il \u00e9galement \u00e9crit.<\/p>\n<p>Un ancien garde du corps d\u2019Ianoukovitch<\/p>\n<p>Enfin, <a href=\"https:\/\/ssu.gov.ua\/novyny\/sbu-ta-ohp-zatrymaly-krota-fsb-u-lavakh-nabu-yoho-kuruvav-zastupnyk-kerivnyka-okhorony-yanukovycha-video\" target=\"_self\" rel=\"nofollow noopener\">un second communiqu\u00e9<\/a>, publi\u00e9 plus tard dans la journ\u00e9e ce lundi, indique qu\u2019un garde du corps du corps de <strong>l\u2019ancien pr\u00e9sident ukrainien et pro-russe, <\/strong><strong>Viktor Fedorovytch Ianoukovytch,<\/strong> a\u00a0aussi \u00e9t\u00e9 interpell\u00e9.<\/p>\n<p>Il s\u2019agit de\u00a0<strong>Dmitri Ivantsov\u00a0<\/strong>\u00ab\u00a0qui, en f\u00e9vrier\u00a02014, a aid\u00e9 le pr\u00e9sident fugitif \u00e0 se rendre en Russie, mais est lui-m\u00eame rest\u00e9 en Crim\u00e9e, <strong>a rejoint les rangs des occupants et a \u00e9t\u00e9 recrut\u00e9 par le FSB\u00a0\u00bb<\/strong>, d\u00e9clarent les autorit\u00e9s ukrainiennes.<\/p>\n<p>\u00ab\u00a0Il travaillait dans <strong>l\u2019unit\u00e9 ferm\u00e9e d\u2019\u00e9lite &lsquo;D-2&rsquo;\u00a0et espionnait pour les services sp\u00e9ciaux russes\u00a0\u00bb<\/strong>, ajoutent-elles. \u00ab\u00a0Entre autres choses,<strong> la \u00ab\u00a0taupe\u00a0\u00bb\u00a0collectait pour le FSB<\/strong> les donn\u00e9es d\u2019identification des forces de s\u00e9curit\u00e9 ukrainiennes et d\u2019autres citoyens contre lesquels l\u2019ennemi <strong>planifiait des attaques terroristes<\/strong> et des op\u00e9rations d\u2019information sp\u00e9ciales.\u00a0\u00bb<\/p>\n","protected":false},"excerpt":{"rendered":"L\u2019ancien parlementaire ukrainien Fedir Khrystenko, membre du parti d\u2019opposition pro-russe, fait partie des personnes qui ont \u00e9t\u00e9 interpell\u00e9es&hellip;\n","protected":false},"author":2,"featured_media":263818,"comment_status":"","ping_status":"","sticky":false,"template":"","format":"standard","meta":{"footnotes":""},"categories":[1591],"tags":[11,1887,12,1885,1886,132],"class_list":{"0":"post-263817","1":"post","2":"type-post","3":"status-publish","4":"format-standard","5":"has-post-thumbnail","7":"category-russie","8":"tag-actualites","9":"tag-federation-de-russie","10":"tag-news","11":"tag-russia","12":"tag-russian-federation","13":"tag-russie"},"share_on_mastodon":{"url":"https:\/\/pubeurope.com\/@fr\/114892316681463413","error":""},"_links":{"self":[{"href":"https:\/\/www.europesays.com\/fr\/wp-json\/wp\/v2\/posts\/263817","targetHints":{"allow":["GET"]}}],"collection":[{"href":"https:\/\/www.europesays.com\/fr\/wp-json\/wp\/v2\/posts"}],"about":[{"href":"https:\/\/www.europesays.com\/fr\/wp-json\/wp\/v2\/types\/post"}],"author":[{"embeddable":true,"href":"https:\/\/www.europesays.com\/fr\/wp-json\/wp\/v2\/users\/2"}],"replies":[{"embeddable":true,"href":"https:\/\/www.europesays.com\/fr\/wp-json\/wp\/v2\/comments?post=263817"}],"version-history":[{"count":0,"href":"https:\/\/www.europesays.com\/fr\/wp-json\/wp\/v2\/posts\/263817\/revisions"}],"wp:featuredmedia":[{"embeddable":true,"href":"https:\/\/www.europesays.com\/fr\/wp-json\/wp\/v2\/media\/263818"}],"wp:attachment":[{"href":"https:\/\/www.europesays.com\/fr\/wp-json\/wp\/v2\/media?parent=263817"}],"wp:term":[{"taxonomy":"category","embeddable":true,"href":"https:\/\/www.europesays.com\/fr\/wp-json\/wp\/v2\/categories?post=263817"},{"taxonomy":"post_tag","embeddable":true,"href":"https:\/\/www.europesays.com\/fr\/wp-json\/wp\/v2\/tags?post=263817"}],"curies":[{"name":"wp","href":"https:\/\/api.w.org\/{rel}","templated":true}]}}