{"id":263821,"date":"2025-07-21T17:07:10","date_gmt":"2025-07-21T17:07:10","guid":{"rendered":"https:\/\/www.europesays.com\/fr\/263821\/"},"modified":"2025-07-21T17:07:10","modified_gmt":"2025-07-21T17:07:10","slug":"les-conditions-de-detention-luxueuses-du-roi-des-narcotrafiquants-fito-extrade-aux-etats-unis","status":"publish","type":"post","link":"https:\/\/www.europesays.com\/fr\/263821\/","title":{"rendered":"Les conditions de d\u00e9tention luxueuses du roi des narcotrafiquants \u00ab\u00a0Fito\u00a0\u00bb, extrad\u00e9 aux \u00c9tats-Unis"},"content":{"rendered":"<p>\u00ab\u00a0\u00c0 jamais, Fito.\u00a0\u00bb Le pr\u00e9sident de l\u2019\u00c9quateur Daniel Noboa a r\u00e9agi \u00e0 l\u2019extradition ce dimanche 20\u00a0juillet d\u2019Adolfo Macias, dit \u00ab\u00a0Fito\u00a0\u00bb (contraction d\u2019Adolfito), plus grand narcotrafiquant du pays. Il devient ainsi le premier \u00c9quatorien \u00e0 \u00eatre extrad\u00e9 par son propre pays depuis le r\u00e9tablissement de cette proc\u00e9dure par r\u00e9f\u00e9rendum en 2024. \u00ab\u00a0Fito est d\u00e9j\u00e0 aux \u00c9tats-Unis. C\u2019est gr\u00e2ce \u00e0 vous, \u00c9quatoriens, qui avez dit oui \u00e0 la consultation populaire\u00a0\u00bb, s\u2019est f\u00e9licit\u00e9 Daniel Noboa sur son compte X.<\/p>\n<p>Cet article est r\u00e9serv\u00e9 aux abonn\u00e9s<\/p>\n<p>\n                    Vous souhaitez lire la suite\u00a0? Abonnez-vous sans engagement \u00e0 notre offre num\u00e9rique\n                <\/p>\n<p>                <a href=\"https:\/\/www.la-croix.com\/abonnement\" class=\"default-paywall__subscribe-button\" data-tracking=\"cta_click\" data-tracking-action=\"voir la page abonnement\" data-tracking-category=\"abonnement\" rel=\"nofollow noopener\" target=\"_blank\">Je m&rsquo;abonne<\/a><\/p>\n","protected":false},"excerpt":{"rendered":"\u00ab\u00a0\u00c0 jamais, Fito.\u00a0\u00bb Le pr\u00e9sident de l\u2019\u00c9quateur Daniel Noboa a r\u00e9agi \u00e0 l\u2019extradition ce dimanche 20\u00a0juillet d\u2019Adolfo Macias,&hellip;\n","protected":false},"author":2,"featured_media":263822,"comment_status":"","ping_status":"","sticky":false,"template":"","format":"standard","meta":{"footnotes":""},"categories":[1589],"tags":[11,73,1866,12,1864,1865,1863,308],"class_list":{"0":"post-263821","1":"post","2":"type-post","3":"status-publish","4":"format-standard","5":"has-post-thumbnail","7":"category-etats-unis","8":"tag-actualites","9":"tag-etats-unis","10":"tag-etats-unis-damerique","11":"tag-news","12":"tag-united-states","13":"tag-united-states-of-america","14":"tag-us","15":"tag-usa"},"share_on_mastodon":{"url":"https:\/\/pubeurope.com\/@fr\/114892324440228835","error":""},"_links":{"self":[{"href":"https:\/\/www.europesays.com\/fr\/wp-json\/wp\/v2\/posts\/263821","targetHints":{"allow":["GET"]}}],"collection":[{"href":"https:\/\/www.europesays.com\/fr\/wp-json\/wp\/v2\/posts"}],"about":[{"href":"https:\/\/www.europesays.com\/fr\/wp-json\/wp\/v2\/types\/post"}],"author":[{"embeddable":true,"href":"https:\/\/www.europesays.com\/fr\/wp-json\/wp\/v2\/users\/2"}],"replies":[{"embeddable":true,"href":"https:\/\/www.europesays.com\/fr\/wp-json\/wp\/v2\/comments?post=263821"}],"version-history":[{"count":0,"href":"https:\/\/www.europesays.com\/fr\/wp-json\/wp\/v2\/posts\/263821\/revisions"}],"wp:featuredmedia":[{"embeddable":true,"href":"https:\/\/www.europesays.com\/fr\/wp-json\/wp\/v2\/media\/263822"}],"wp:attachment":[{"href":"https:\/\/www.europesays.com\/fr\/wp-json\/wp\/v2\/media?parent=263821"}],"wp:term":[{"taxonomy":"category","embeddable":true,"href":"https:\/\/www.europesays.com\/fr\/wp-json\/wp\/v2\/categories?post=263821"},{"taxonomy":"post_tag","embeddable":true,"href":"https:\/\/www.europesays.com\/fr\/wp-json\/wp\/v2\/tags?post=263821"}],"curies":[{"name":"wp","href":"https:\/\/api.w.org\/{rel}","templated":true}]}}