{"id":263825,"date":"2025-07-21T17:09:10","date_gmt":"2025-07-21T17:09:10","guid":{"rendered":"https:\/\/www.europesays.com\/fr\/263825\/"},"modified":"2025-07-21T17:09:10","modified_gmt":"2025-07-21T17:09:10","slug":"la-montee-du-protectionnisme-menace-les-exportations-allemandes","status":"publish","type":"post","link":"https:\/\/www.europesays.com\/fr\/263825\/","title":{"rendered":"La mont\u00e9e du protectionnisme menace les exportations allemandes"},"content":{"rendered":"<p>                    <img decoding=\"async\" style=\"aspect-ratio:16\/9\" src=\"https:\/\/www.europesays.com\/fr\/wp-content\/uploads\/2025\/07\/Friedrich-Merz.jpg\" width=\"100%\" loading=\"eager\"\/><\/p>\n<p>                            <a href=\"https:\/\/fr.businessam.be\/author\/redactie\/\" class=\"author-thumbnail\" style=\"border: 2px inset #00000099;\" rel=\"nofollow noopener\" target=\"_blank\"><img loading=\"lazy\" decoding=\"async\" src=\"https:\/\/www.europesays.com\/fr\/wp-content\/uploads\/2025\/07\/1753117750_760_cropped-favicon-192x192.png\" width=\"80\" height=\"80\" alt=\"Business AM\"\/><\/a>\ue05bpar <a href=\"https:\/\/fr.businessam.be\/author\/redactie\/\" rel=\"nofollow noopener\" target=\"_blank\">Business AM<\/a><br \/>\ue010publi\u00e9 le lundi 21 juillet 2025 \u00e0 18:44 \u2022 <br \/>\ue00c3 min de lecture<\/p>\n<p>Principaux renseingnements<\/p>\n<ul class=\"wp-block-list\">\n<li><strong>La mont\u00e9e du protectionnisme menace l\u2019\u00e9conomie allemande fond\u00e9e sur les exportations.<\/strong><\/li>\n<li><strong>Kullmann appelle \u00e0 une Europe plus forte comme solution \u00e0 l\u2019incertitude commerciale mondiale.<\/strong><\/li>\n<li><strong>Le gouvernement allemand souhaite encourager les investissements dans le pays en organisant un \u00ab\u00a0sommet de l\u2019investissement\u00a0\u00bb.<\/strong><\/li>\n<\/ul>\n<p>Le succ\u00e8s \u00e9conomique de l\u2019Allemagne repose depuis longtemps sur les exportations, mais la mont\u00e9e du protectionnisme menace la libre circulation des marchandises. C\u2019est ce qu\u2019affirme Christian Kullmann, PDG d\u2019Evonik, deuxi\u00e8me producteur allemand de produits chimiques. M\u00eame un accord commercial entre l\u2019UE et les \u00c9tats-Unis n\u2019est pas susceptible de lever l\u2019incertitude \u00e0 laquelle sont confront\u00e9es les entreprises, selon Kullmann.<\/p>\n<p>La menace constante de nouveaux tarifs douaniers par le pr\u00e9sident am\u00e9ricain Donald Trump pousse le monde vers une crise \u00e9conomique, affirme-t-il. Cette impr\u00e9visibilit\u00e9 a conduit les clients \u00e0 freiner leurs commandes et leurs investissements. L\u2019incertitude mondiale et la crainte d\u2019actions impr\u00e9visibles de la part de l\u2019administration am\u00e9ricaine sont omnipr\u00e9sentes. Kullmann estime que tout accord commercial avec les \u00c9tats-Unis serait de courte dur\u00e9e et peu fiable.<\/p>\n<p>Une Europe plus forte comme solution<\/p>\n<p>Le multilat\u00e9ralisme qui a aliment\u00e9 des d\u00e9cennies de croissance et de prosp\u00e9rit\u00e9 en Allemagne a disparu, affirme Kullmann. Les \u00c9tats-Unis, qui garantissaient autrefois un commerce mondial \u00e9quitable, ont abandonn\u00e9 ce r\u00f4le. D\u00e9sormais, les \u00c9tats-Unis privil\u00e9gient leurs propres int\u00e9r\u00eats.<\/p>\n<p>La solution de Kullmann r\u00e9side dans une Europe plus forte. Il exhorte les entreprises et les d\u00e9cideurs politiques \u00e0 faire preuve d\u2019esprit de d\u00e9cision et pense que le nouveau gouvernement allemand et la Commission europ\u00e9enne apporteront le soutien n\u00e9cessaire \u00e0 l\u2019\u00e9conomie. Pour Kullmann, la r\u00e9ponse de l\u2019Europe \u00e0 \u00ab\u00a0l\u2019Am\u00e9rique d\u2019abord\u00a0\u00bb est \u00ab\u00a0l\u2019\u00e9conomie d\u2019abord\u00a0\u00bb. Il estime que seule une action d\u00e9cisive et pragmatique permettra \u00e0 l\u2019Europe de sortir gagnante de la refonte de l\u2019\u00e9conomie mondiale.<\/p>\n<p>Stimuler l\u2019investissement en Allemagne<\/p>\n<p>Le chancelier <a href=\"https:\/\/fr.businessam.be\/merz-soppose-au-projet-europeen-dimpot-sur-les-societes\/\" rel=\"nofollow noopener\" target=\"_blank\">Friedrich Merz<\/a> (CDU) organise lundi un \u00ab\u00a0sommet de l\u2019investissement\u00a0\u00bb avec des chefs d\u2019entreprise \u00e0 la Chancellerie afin d\u2019encourager les soci\u00e9t\u00e9s \u00e0 investir davantage en Allemagne apr\u00e8s trois ann\u00e9es de stagnation \u00e9conomique. Plus de 30 entreprises sont attendues, dont plus d\u2019une douzaine de soci\u00e9t\u00e9s cot\u00e9es au DAX. C\u2019est ce que rapporte Focus online. (em)<\/p>\n<p><a href=\"https:\/\/portalfr.businessam.be\/plans\/business-am-fr-offre-dete\/\" target=\"_blank\" rel=\"noreferrer noopener nofollow\">Si vous souhaitez acc\u00e9der \u00e0 tous les articles, abonnez-vous ici!<\/a><\/p>\n","protected":false},"excerpt":{"rendered":"\ue05bpar Business AM\ue010publi\u00e9 le lundi 21 juillet 2025 \u00e0 18:44 \u2022 \ue00c3 min de lecture Principaux renseingnements La&hellip;\n","protected":false},"author":2,"featured_media":25809,"comment_status":"","ping_status":"","sticky":false,"template":"","format":"standard","meta":{"footnotes":""},"categories":[1587],"tags":[11,672,1804,1805,1803,33,1777,674,1801,12,1802],"class_list":{"0":"post-263825","1":"post","2":"type-post","3":"status-publish","4":"format-standard","5":"has-post-thumbnail","7":"category-allemagne","8":"tag-actualites","9":"tag-allemagne","10":"tag-bundesrepublik-deutschland","11":"tag-de","12":"tag-deutschland","13":"tag-economie","14":"tag-eu","15":"tag-europe","16":"tag-germany","17":"tag-news","18":"tag-republique-federale-dallemagne"},"share_on_mastodon":{"url":"https:\/\/pubeurope.com\/@fr\/114892332371080063","error":""},"_links":{"self":[{"href":"https:\/\/www.europesays.com\/fr\/wp-json\/wp\/v2\/posts\/263825","targetHints":{"allow":["GET"]}}],"collection":[{"href":"https:\/\/www.europesays.com\/fr\/wp-json\/wp\/v2\/posts"}],"about":[{"href":"https:\/\/www.europesays.com\/fr\/wp-json\/wp\/v2\/types\/post"}],"author":[{"embeddable":true,"href":"https:\/\/www.europesays.com\/fr\/wp-json\/wp\/v2\/users\/2"}],"replies":[{"embeddable":true,"href":"https:\/\/www.europesays.com\/fr\/wp-json\/wp\/v2\/comments?post=263825"}],"version-history":[{"count":0,"href":"https:\/\/www.europesays.com\/fr\/wp-json\/wp\/v2\/posts\/263825\/revisions"}],"wp:featuredmedia":[{"embeddable":true,"href":"https:\/\/www.europesays.com\/fr\/wp-json\/wp\/v2\/media\/25809"}],"wp:attachment":[{"href":"https:\/\/www.europesays.com\/fr\/wp-json\/wp\/v2\/media?parent=263825"}],"wp:term":[{"taxonomy":"category","embeddable":true,"href":"https:\/\/www.europesays.com\/fr\/wp-json\/wp\/v2\/categories?post=263825"},{"taxonomy":"post_tag","embeddable":true,"href":"https:\/\/www.europesays.com\/fr\/wp-json\/wp\/v2\/tags?post=263825"}],"curies":[{"name":"wp","href":"https:\/\/api.w.org\/{rel}","templated":true}]}}