{"id":263826,"date":"2025-07-21T17:10:10","date_gmt":"2025-07-21T17:10:10","guid":{"rendered":"https:\/\/www.europesays.com\/fr\/263826\/"},"modified":"2025-07-21T17:10:10","modified_gmt":"2025-07-21T17:10:10","slug":"les-europeens-ont-ils-confiance-dans-le-systeme-judiciaire-de-leur-pays","status":"publish","type":"post","link":"https:\/\/www.europesays.com\/fr\/263826\/","title":{"rendered":"Les Europ\u00e9ens ont-ils confiance dans le syst\u00e8me judiciaire de leur pays\u00a0?"},"content":{"rendered":"<p>            <img decoding=\"async\" class=\"c-ad__placeholder__logo\" src=\"https:\/\/static.euronews.com\/website\/images\/logos\/logo-euronews-grey-6-180x22.svg\" width=\"180\" height=\"22\" alt=\"\" loading=\"lazy\"\/><br \/>\n            PUBLICIT\u00c9<\/p>\n<p>Plus de la moiti\u00e9 des habitants de l&rsquo;Union europ\u00e9enne jugent positivement le syst\u00e8me judiciaire de leur pays, selon une r\u00e9cente \u00e9tude Eurobarom\u00e8tre. En revanche, 36 % d&rsquo;entre eux en ont une opinion n\u00e9gative.<\/p>\n<p>Les Danois sont les plus nombreux \u00e0 juger favorablement l&rsquo;ind\u00e9pendance de leurs tribunaux et de leurs juges, suivis par les Autrichiens et les Finlandais.<\/p>\n<p>Dans tous les \u00c9tats membres de l&rsquo;UE, au moins la moiti\u00e9 des personnes qui jugent positivement leur syst\u00e8me judiciaire saluent en particulier l&rsquo;absence d&rsquo;interf\u00e9rence ou de pression de la part du gouvernement et des responsables politiques.<\/p>\n<p>La proportion de personnes partageant ce point de vue varie de 50 % en Bulgarie et en Roumanie \u00e0 71 % en Autriche et en Finlande.<\/p>\n<p>En revanche, 30 % des personnes interrog\u00e9es en Bulgarie, 29 % en Pologne et 28 % en Croatie estiment que l&rsquo;ind\u00e9pendance de leurs tribunaux et de leurs juges est \u00ab\u00a0tr\u00e8s mauvaise\u00a0\u00bb.<\/p>\n<p>L&rsquo;\u00e9tude r\u00e9v\u00e8le de grandes diff\u00e9rences de perception selon les pays de l&rsquo;UE<\/p>\n<p>Entre 2024 et 2025, les perceptions de l&rsquo;ind\u00e9pendance judiciaire sont devenues nettement moins positives en Roumanie, avec une baisse de neuf points de pourcentage, ainsi qu&rsquo;\u00e0 Chypre et en Estonie, qui ont toutes deux enregistr\u00e9 une baisse de sept points de pourcentage.<\/p>\n<p>Les personnes qui ont \u00e9t\u00e9 impliqu\u00e9es dans un litige port\u00e9 devant les tribunaux au cours des deux derni\u00e8res ann\u00e9es sont moins susceptibles de croire en l&rsquo;ind\u00e9pendance des tribunaux et des juges que celles qui n&rsquo;en ont pas fait l&rsquo;exp\u00e9rience r\u00e9cente.<\/p>\n<p>Par ailleurs, les r\u00e9pondants polonais, plus que ceux des autres pays, d\u00e9clarent que l&rsquo;absence d&rsquo;interf\u00e9rence ou de pression de la part du gouvernement et des politiciens explique \u00ab\u00a0tr\u00e8s largement\u00a0\u00bb leur \u00e9valuation positive de l&rsquo;ind\u00e9pendance du syst\u00e8me judiciaire dans leur pays.<\/p>\n<p>En revanche, les proportions les plus faibles partageant ce point de vue sont observ\u00e9es en France (14 %) et \u00e0 Chypre (15 %).<\/p>\n<p>Les travailleurs ind\u00e9pendants ont tendance \u00e0 \u00e9valuer l&rsquo;ind\u00e9pendance des tribunaux et des juges dans leur pays de mani\u00e8re moins favorable que les ch\u00f4meurs ou les travailleurs manuels.<\/p>\n<p>Enfin, dans l&rsquo;ensemble, les hommes europ\u00e9ens sont l\u00e9g\u00e8rement plus nombreux que les femmes (61 % contre 58 %) \u00e0 consid\u00e9rer que leurs responsables politiques respectent l&rsquo;ind\u00e9pendance du pouvoir judiciaire.<\/p>\n","protected":false},"excerpt":{"rendered":"PUBLICIT\u00c9 Plus de la moiti\u00e9 des habitants de l&rsquo;Union europ\u00e9enne jugent positivement le syst\u00e8me judiciaire de leur pays,&hellip;\n","protected":false},"author":2,"featured_media":263827,"comment_status":"","ping_status":"","sticky":false,"template":"","format":"standard","meta":{"footnotes":""},"categories":[1586],"tags":[11,1777,674,1011,27,303,12,25,364,40322],"class_list":{"0":"post-263826","1":"post","2":"type-post","3":"status-publish","4":"format-standard","5":"has-post-thumbnail","7":"category-europe","8":"tag-actualites","9":"tag-eu","10":"tag-europe","11":"tag-fr","12":"tag-france","13":"tag-justice","14":"tag-news","15":"tag-republique-francaise","16":"tag-union-europeenne","17":"tag-nstitutions-judiciaires"},"share_on_mastodon":{"url":"https:\/\/pubeurope.com\/@fr\/114892336525445958","error":""},"_links":{"self":[{"href":"https:\/\/www.europesays.com\/fr\/wp-json\/wp\/v2\/posts\/263826","targetHints":{"allow":["GET"]}}],"collection":[{"href":"https:\/\/www.europesays.com\/fr\/wp-json\/wp\/v2\/posts"}],"about":[{"href":"https:\/\/www.europesays.com\/fr\/wp-json\/wp\/v2\/types\/post"}],"author":[{"embeddable":true,"href":"https:\/\/www.europesays.com\/fr\/wp-json\/wp\/v2\/users\/2"}],"replies":[{"embeddable":true,"href":"https:\/\/www.europesays.com\/fr\/wp-json\/wp\/v2\/comments?post=263826"}],"version-history":[{"count":0,"href":"https:\/\/www.europesays.com\/fr\/wp-json\/wp\/v2\/posts\/263826\/revisions"}],"wp:featuredmedia":[{"embeddable":true,"href":"https:\/\/www.europesays.com\/fr\/wp-json\/wp\/v2\/media\/263827"}],"wp:attachment":[{"href":"https:\/\/www.europesays.com\/fr\/wp-json\/wp\/v2\/media?parent=263826"}],"wp:term":[{"taxonomy":"category","embeddable":true,"href":"https:\/\/www.europesays.com\/fr\/wp-json\/wp\/v2\/categories?post=263826"},{"taxonomy":"post_tag","embeddable":true,"href":"https:\/\/www.europesays.com\/fr\/wp-json\/wp\/v2\/tags?post=263826"}],"curies":[{"name":"wp","href":"https:\/\/api.w.org\/{rel}","templated":true}]}}