{"id":263832,"date":"2025-07-21T17:13:15","date_gmt":"2025-07-21T17:13:15","guid":{"rendered":"https:\/\/www.europesays.com\/fr\/263832\/"},"modified":"2025-07-21T17:13:15","modified_gmt":"2025-07-21T17:13:15","slug":"cest-le-plus-grand-voilier-du-monde-le-mega-yacht-de-jeff-bezos-apercu-au-large-des-iles-de-lerins-le-couple-de-jeunes-maries-profite-de-la-cote-dazur","status":"publish","type":"post","link":"https:\/\/www.europesays.com\/fr\/263832\/","title":{"rendered":"C&rsquo;est le plus grand voilier du monde: le m\u00e9ga-yacht de Jeff Bezos aper\u00e7u au large des \u00eeles de L\u00e9rins, le couple de jeunes mari\u00e9s profite de la C\u00f4te d&rsquo;Azur"},"content":{"rendered":"<p>Si vous vous \u00eates promen\u00e9s du c\u00f4t\u00e9 du Cap d&rsquo;Antibes ce week-end, vous n&rsquo;avez pas pu le rater car il\u00a0ne passe pas inaper\u00e7u avec ses 127 m\u00e8tres de long et ses trois m\u00e2ts&#8230; Le \u00ab\u00a0<strong>KORU<\/strong>\u00ab\u00a0, plus grand voilier du monde et propri\u00e9t\u00e9 de <strong>Jeff Bezos<\/strong>, croise en M\u00e9diterran\u00e9e et pas tr\u00e8s loin de chez nous puisqu&rsquo;il est actuellement entre le Cap d&rsquo;Antibes et les \u00celes de L\u00e9rins.\u00a0<\/p>\n<p>Une habitude d\u00e9sormais pour le milliardaire qui vient r\u00e9guli\u00e8rement profiter des charmes de la C\u00f4te d&rsquo;Azur, bonnes adresses comprises. Ce week-end, le patron d&rsquo;Amazon et de Blue Origin a fait une escale en compagnie de sa femme Lauren, pour d\u00eener au Cap Eden Roc, au Cap d&rsquo;Antibes.<\/p>\n<p>Tous deux ont d\u00e9barqu\u00e9 du yacht qui mouillait au large pour s&rsquo;offrir un moment de calme et de tranquillit\u00e9 dans ce lieu si particulier.\u00a0En chemise beige et pantalon gris pour lui, robe multicolore et hauts talons pour elle, tous deux ont d\u00een\u00e9 et pris des photos souvenirs du moment.<\/p>\n<p>Ce lundi 21 juillet, le yacht a mis le cap sur un autre lieu l\u00e9gendaire de la C\u00f4te d&rsquo;Azur, l&rsquo;archipel des \u00eeles de L\u00e9rins. <strong>Le navire \u00e0 plus de 500 millions d&rsquo;euros mouille actuellement au large de l&rsquo;\u00eele Sainte-Marguerite avec l&rsquo;Abeona, le navire de soutien.\u00a0<\/strong><\/p>\n<p><strong>Une pol\u00e9mique en 2023<\/strong><\/p>\n<p>              <img ci-src=\"https:\/\/www.nicematin.com\/environnement\/BESTIMAGE_00628011_000003-hzHtDrKR.jpg?ci_seal=36ff83649c\" alt=\"\"\/><br \/>\n        Le Koru, en 2023, au large de la Croatie.  <strong>Photo: Bestimage. .<\/strong> <\/p>\n<p>En 2023, pour son voyage inaugural, le KORU \u00e9tait arriv\u00e9 du c\u00f4t\u00e9 de Cannes, en provenance de Palma de Majorque, au mois de mai. A l&rsquo;\u00e9poque, le navire avait \u00e9t\u00e9 la cible d&rsquo;une pol\u00e9mique mondiale, en raison de ses dimensions folles: 127m de long, une piscine g\u00e9ante, trois jacuzzis, des m\u00e2ts de 70m\u00e8tres de haut&#8230;<\/p>\n<p>Une construction tellement \u00e9norme\u00a0que le constructeur du bateau avait demand\u00e9 \u00e0 la municipalit\u00e9 de Rotterdam de d\u00e9manteler un pont historique pour permettre le passage du navire du milliardaire. Option rejet\u00e9e apr\u00e8s un toll\u00e9 de la population. Et puis <strong>l&rsquo;Abeona, son navire de soutien<\/strong> n&rsquo;est pas en reste, question dimensions: deux fois moins long, il embarque tout de m\u00eame un h\u00e9licopt\u00e8re, une partie de l&rsquo;\u00e9quipage, des \u00e9quipements pour naviguer&#8230;\u00a0<\/p>\n<p>Et puis en habitu\u00e9 des pol\u00e9miques, <a href=\"https:\/\/www.nicematin.com\/people\/no-space-for-bezos-pourquoi-le-mariage-du-milliardaire-jeff-bezos-fait-des-vagues-a-venise-991394\" rel=\"nofollow noopener\" target=\"_blank\">le milliardaire en a aussi essuy\u00e9 une, ces derni\u00e8res semaines<\/a>: son mariage \u00e0 Venise, v\u00e9ritable d\u00e9bauche de luxe, avait exacerb\u00e9 les tensions entre habitants de la Cit\u00e9 des Doges. Certains craignaient que les invit\u00e9s et leurs entourages ne rendent leur ville, d\u00e9j\u00e0 envahie de touristes, encore plus invivable. Sans parler de la centaine d&rsquo;avions priv\u00e9s alors pr\u00e9vue pour acheminer les invit\u00e9s depuis les Etats-Unis.\u00a0<\/p>\n","protected":false},"excerpt":{"rendered":"Si vous vous \u00eates promen\u00e9s du c\u00f4t\u00e9 du Cap d&rsquo;Antibes ce week-end, vous n&rsquo;avez pas pu le rater&hellip;\n","protected":false},"author":2,"featured_media":263833,"comment_status":"","ping_status":"","sticky":false,"template":"","format":"standard","meta":{"footnotes":""},"categories":[2],"tags":[11,436,1011,27,12,973,25],"class_list":{"0":"post-263832","1":"post","2":"type-post","3":"status-publish","4":"format-standard","5":"has-post-thumbnail","7":"category-actualites","8":"tag-actualites","9":"tag-environnement","10":"tag-fr","11":"tag-france","12":"tag-news","13":"tag-people","14":"tag-republique-francaise"},"share_on_mastodon":{"url":"https:\/\/pubeurope.com\/@fr\/114892348016401063","error":""},"_links":{"self":[{"href":"https:\/\/www.europesays.com\/fr\/wp-json\/wp\/v2\/posts\/263832","targetHints":{"allow":["GET"]}}],"collection":[{"href":"https:\/\/www.europesays.com\/fr\/wp-json\/wp\/v2\/posts"}],"about":[{"href":"https:\/\/www.europesays.com\/fr\/wp-json\/wp\/v2\/types\/post"}],"author":[{"embeddable":true,"href":"https:\/\/www.europesays.com\/fr\/wp-json\/wp\/v2\/users\/2"}],"replies":[{"embeddable":true,"href":"https:\/\/www.europesays.com\/fr\/wp-json\/wp\/v2\/comments?post=263832"}],"version-history":[{"count":0,"href":"https:\/\/www.europesays.com\/fr\/wp-json\/wp\/v2\/posts\/263832\/revisions"}],"wp:featuredmedia":[{"embeddable":true,"href":"https:\/\/www.europesays.com\/fr\/wp-json\/wp\/v2\/media\/263833"}],"wp:attachment":[{"href":"https:\/\/www.europesays.com\/fr\/wp-json\/wp\/v2\/media?parent=263832"}],"wp:term":[{"taxonomy":"category","embeddable":true,"href":"https:\/\/www.europesays.com\/fr\/wp-json\/wp\/v2\/categories?post=263832"},{"taxonomy":"post_tag","embeddable":true,"href":"https:\/\/www.europesays.com\/fr\/wp-json\/wp\/v2\/tags?post=263832"}],"curies":[{"name":"wp","href":"https:\/\/api.w.org\/{rel}","templated":true}]}}