{"id":263836,"date":"2025-07-21T17:15:15","date_gmt":"2025-07-21T17:15:15","guid":{"rendered":"https:\/\/www.europesays.com\/fr\/263836\/"},"modified":"2025-07-21T17:15:15","modified_gmt":"2025-07-21T17:15:15","slug":"bas-en-basset-80-participants-au-tournoi-de-pitch-et-putt-interdepartemental","status":"publish","type":"post","link":"https:\/\/www.europesays.com\/fr\/263836\/","title":{"rendered":"Bas-en-Basset : 80 participants au tournoi de pitch et putt interd\u00e9partemental"},"content":{"rendered":"<p>\t\t\t\t\t\t\t\t\t\t\t\t\t\t\t\t\t\t\t\t\t\t\t\t\t\t\t\t\t\t\t\t\t\t\t\t\t\t\t\t\t\t\t\t\t\t\t\t\t\t\t\t\t\t\t\t\t\t\t\t\t\t\t<a href=\"https:\/\/www.lacommere43.fr\/component\/banners\/click\/1799.html\" target=\"_blank\" title=\"Lozarts 2025 Chambon\" rel=\"noopener\"><br \/>\n\t\t\t\t\t\t\t<img decoding=\"async\" src=\"https:\/\/www.europesays.com\/fr\/wp-content\/uploads\/2025\/07\/01-_LE_CHAMBON_26-07_et_9-08_A3.jpg\" alt=\"Lozarts 2025 Chambon\"\/><br \/>\n\t\t\t\t\t\t<\/a><\/p>\n<p>\t\t\t\t\t\t\t\t\t\t\t\t\t\t\t\t\t\t\t\t\t\t\t\t\t\t\t\t\t\t\t\t\t\t\t\t\t\t\t\t\t\t\t\t\t\t\t\t\t\t\t\t\t\t\t\t\t\t\t\t\t\t\t<a href=\"https:\/\/www.lacommere43.fr\/component\/banners\/click\/1701.html\" target=\"_blank\" title=\"Durand Charles Laradev carr\u00e9\" rel=\"noopener\"><br \/>\n\t\t\t\t\t\t\t<img decoding=\"async\" src=\"https:\/\/www.europesays.com\/fr\/wp-content\/uploads\/2025\/05\/05264e5f-f9b0-4af5-8f46-d08bf3dcc47e2.jpg\" alt=\"Durand Charles Laradev carr\u00e9\"\/><br \/>\n\t\t\t\t\t\t<\/a><\/p>\n<p>Samedi, le Golf de Coutanson \u00e0 Bas-en-Basset accueillait un\u00a0troph\u00e9e de pitch et putt r\u00e9unissant\u00a080 participants issus des d\u00e9partements de la Loire, du Puy-de-D\u00f4me et de la Haute-Loire.<\/p>\n<p>A l\u2019issue du premier tour, La Haute-Loire virait en t\u00eate avec en prime un trou en un r\u00e9alis\u00e9 par William Souche. Le dernier tour \u00e9tait l\u2019occasion d\u2019am\u00e9liorer son score matinal car c\u2019\u00e9tait la meilleure carte des deux tours qui \u00e9tait retenue pour le classement final.<\/p>\n<p>A l\u2019issue de cette journ\u00e9e, la victoire collective de la Haute-Loire \u00e9tait act\u00e9e.<\/p>\n","protected":false},"excerpt":{"rendered":"Samedi, le Golf de Coutanson \u00e0 Bas-en-Basset accueillait un\u00a0troph\u00e9e de pitch et putt r\u00e9unissant\u00a080 participants issus des d\u00e9partements&hellip;\n","protected":false},"author":2,"featured_media":263837,"comment_status":"","ping_status":"","sticky":false,"template":"","format":"standard","meta":{"footnotes":""},"categories":[1418],"tags":[2281,2282,1011,27,1472,2280,2284,2285,2283,60],"class_list":{"0":"post-263836","1":"post","2":"type-post","3":"status-publish","4":"format-standard","5":"has-post-thumbnail","7":"category-golf","8":"tag-actualite-43","9":"tag-faits-divers-auvergne","10":"tag-fr","11":"tag-france","12":"tag-golf","13":"tag-information-haute-loire","14":"tag-infos-43","15":"tag-journal-haute-loire","16":"tag-la-commere-43","17":"tag-sports"},"share_on_mastodon":{"url":"https:\/\/pubeurope.com\/@fr\/114892355855736628","error":""},"_links":{"self":[{"href":"https:\/\/www.europesays.com\/fr\/wp-json\/wp\/v2\/posts\/263836","targetHints":{"allow":["GET"]}}],"collection":[{"href":"https:\/\/www.europesays.com\/fr\/wp-json\/wp\/v2\/posts"}],"about":[{"href":"https:\/\/www.europesays.com\/fr\/wp-json\/wp\/v2\/types\/post"}],"author":[{"embeddable":true,"href":"https:\/\/www.europesays.com\/fr\/wp-json\/wp\/v2\/users\/2"}],"replies":[{"embeddable":true,"href":"https:\/\/www.europesays.com\/fr\/wp-json\/wp\/v2\/comments?post=263836"}],"version-history":[{"count":0,"href":"https:\/\/www.europesays.com\/fr\/wp-json\/wp\/v2\/posts\/263836\/revisions"}],"wp:featuredmedia":[{"embeddable":true,"href":"https:\/\/www.europesays.com\/fr\/wp-json\/wp\/v2\/media\/263837"}],"wp:attachment":[{"href":"https:\/\/www.europesays.com\/fr\/wp-json\/wp\/v2\/media?parent=263836"}],"wp:term":[{"taxonomy":"category","embeddable":true,"href":"https:\/\/www.europesays.com\/fr\/wp-json\/wp\/v2\/categories?post=263836"},{"taxonomy":"post_tag","embeddable":true,"href":"https:\/\/www.europesays.com\/fr\/wp-json\/wp\/v2\/tags?post=263836"}],"curies":[{"name":"wp","href":"https:\/\/api.w.org\/{rel}","templated":true}]}}