{"id":263841,"date":"2025-07-21T17:20:08","date_gmt":"2025-07-21T17:20:08","guid":{"rendered":"https:\/\/www.europesays.com\/fr\/263841\/"},"modified":"2025-07-21T17:20:08","modified_gmt":"2025-07-21T17:20:08","slug":"le-motogp-debarque-a-buenos-aires-a-partir-de-2027","status":"publish","type":"post","link":"https:\/\/www.europesays.com\/fr\/263841\/","title":{"rendered":"Le MotoGP\u2122 d\u00e9barque \u00e0 Buenos Aires \u00e0 partir de 2027\u00a0!"},"content":{"rendered":"<p>Le Grand Prix d&rsquo;Argentine changera d&rsquo;adresse \u00e0 partir de 2027 pour se d\u00e9rouler \u00e0 Buenos Aires. Les travaux sont en cours pour retrouver l&rsquo;Autodromo Oscar y Juan G\u00e1lvez, situ\u00e9 en p\u00e9riph\u00e9rie de la capitale. Gr\u00e2ce \u00e0 ce nouvel accord, les fans locaux n&rsquo;auront qu&rsquo;un an \u00e0 attendre avant que le sport le plus passionnant au monde ne fasse son retour en Argentine.<\/p>\n<p>L&rsquo;Autodromo Oscar y Juan G\u00e1lvez, qui sera enti\u00e8rement r\u00e9nov\u00e9 et dont le trac\u00e9 sera modernis\u00e9, a d\u00e9j\u00e0 accueilli le MotoGP\u2122 dans les ann\u00e9es 60, 80 et 90. Cette piste a vu rouler certaines des plus grandes l\u00e9gendes de notre discipline et a \u00e9t\u00e9 le th\u00e9\u00e2tre d&rsquo;affrontements spectaculaires. Les fans argentins, qui ont battu tous les records d&rsquo;affluence lors des derni\u00e8res \u00e9ditions, peuvent d\u00e9sormais s&rsquo;attendre \u00e0 des courses encore plus folles avec le retour du MotoGP\u2122 dans la capitale, Buenos Aires.<\/p>\n<p><strong>Jorge Macri, chef du gouvernement de Buenos Aires :<\/strong> \u00ab Nous consolidons le leadership sportif de notre ville au niveau mondial. La cat\u00e9gorie la plus importante des courses de motos est de retour \u00e0 G\u00e1lvez. Nous avons accueilli 10 Grands Prix et pr\u00e8s de 30 ans plus tard, nous figurerons \u00e0 nouveau parmi les circuits les plus prestigieux au monde, \u00e0 l&rsquo;instar de Barcelone et Silverstone \u00bb.<\/p>\n<p>\u00ab \u00c0 partir du mois d&rsquo;octobre, nous entreprendrons une r\u00e9novation compl\u00e8te du circuit qui comprendra des travaux de la piste, des stands, du paddock et des zones de s\u00e9curit\u00e9 en int\u00e9grant les derni\u00e8res technologies. Gr\u00e2ce \u00e0 cet investissement dans les infrastructures, la s\u00e9curit\u00e9, la logistique et la connectivit\u00e9, nous mettrons le site aux normes internationales. L&rsquo;arriv\u00e9e du MotoGP\u2122 dans la ville signifie l&rsquo;arriv\u00e9e d&rsquo;une comp\u00e9tition d&rsquo;\u00e9lite, avec les \u00e9quipes et les pilotes internationaux les plus importants, qui sera suivie par environ 150 000 personnes sur le circuit et par des millions \u00e0 la t\u00e9l\u00e9vision et en streaming dans plus de 200 territoires \u00bb.<\/p>\n<p><strong>Orly Terranova, Pr\u00e9sident de Grupo OSD :<\/strong> \u00ab Qu&rsquo;est-ce que \u00e7a signifie pour l&rsquo;Argentine d&rsquo;organiser un Grand Prix MotoGP\u2122 \u00e0 l&rsquo;Aut\u00f3dromo G\u00e1lvez \u00e0 partir de 2027 ? C&rsquo;est une \u00e9tape importante pour la ville de Buenos Aires. Il s&rsquo;agit d&rsquo;un \u00e9v\u00e9nement d&rsquo;un des sports m\u00e9caniques les plus importants, qui accompagnera grandement le d\u00e9veloppement du sport local et du tourisme. Plusieurs capitales de pays se disputent cet \u00e9v\u00e9nement, je pense donc qu&rsquo;il est important. Il aura un impact \u00e9conomique et touristique consid\u00e9rable \u00bb.<\/p>\n<p><strong>Carmelo Ezpeleta, PDG de Dorna Sports, d\u00e9tenteur des droits du MotoGP\u2122 :<\/strong> \u00ab C&rsquo;est une nouvelle passionnante pour le MotoGP\u2122 et pour les fans argentins et latino-am\u00e9ricains. C&rsquo;est un site formidable qui nous place au c\u0153ur de Buenos Aires, qui sera un lieu incontournable non seulement pour le pays et le continent, mais \u00e9galement pour le monde entier. La passion des foules que nous avons vues lors des derniers Grands Prix en Argentine est l\u00e9gendaire et nous sommes ravis de leur faire savoir o\u00f9 et quand nous les reverrons, alors que nous continuons \u00e0 travailler avec Grupo OSD pour amener le sport le plus passionnant au monde en Argentine \u00bb.<\/p>\n","protected":false},"excerpt":{"rendered":"Le Grand Prix d&rsquo;Argentine changera d&rsquo;adresse \u00e0 partir de 2027 pour se d\u00e9rouler \u00e0 Buenos Aires. Les travaux&hellip;\n","protected":false},"author":2,"featured_media":263842,"comment_status":"","ping_status":"","sticky":false,"template":"","format":"standard","meta":{"footnotes":""},"categories":[1413],"tags":[1011,27,1457,1456,60,2032],"class_list":{"0":"post-263841","1":"post","2":"type-post","3":"status-publish","4":"format-standard","5":"has-post-thumbnail","7":"category-moto","8":"tag-fr","9":"tag-france","10":"tag-moto","11":"tag-motocycle","12":"tag-sports","13":"tag-text"},"share_on_mastodon":{"url":"https:\/\/pubeurope.com\/@fr\/114892375527587391","error":""},"_links":{"self":[{"href":"https:\/\/www.europesays.com\/fr\/wp-json\/wp\/v2\/posts\/263841","targetHints":{"allow":["GET"]}}],"collection":[{"href":"https:\/\/www.europesays.com\/fr\/wp-json\/wp\/v2\/posts"}],"about":[{"href":"https:\/\/www.europesays.com\/fr\/wp-json\/wp\/v2\/types\/post"}],"author":[{"embeddable":true,"href":"https:\/\/www.europesays.com\/fr\/wp-json\/wp\/v2\/users\/2"}],"replies":[{"embeddable":true,"href":"https:\/\/www.europesays.com\/fr\/wp-json\/wp\/v2\/comments?post=263841"}],"version-history":[{"count":0,"href":"https:\/\/www.europesays.com\/fr\/wp-json\/wp\/v2\/posts\/263841\/revisions"}],"wp:featuredmedia":[{"embeddable":true,"href":"https:\/\/www.europesays.com\/fr\/wp-json\/wp\/v2\/media\/263842"}],"wp:attachment":[{"href":"https:\/\/www.europesays.com\/fr\/wp-json\/wp\/v2\/media?parent=263841"}],"wp:term":[{"taxonomy":"category","embeddable":true,"href":"https:\/\/www.europesays.com\/fr\/wp-json\/wp\/v2\/categories?post=263841"},{"taxonomy":"post_tag","embeddable":true,"href":"https:\/\/www.europesays.com\/fr\/wp-json\/wp\/v2\/tags?post=263841"}],"curies":[{"name":"wp","href":"https:\/\/api.w.org\/{rel}","templated":true}]}}