{"id":263845,"date":"2025-07-21T17:22:09","date_gmt":"2025-07-21T17:22:09","guid":{"rendered":"https:\/\/www.europesays.com\/fr\/263845\/"},"modified":"2025-07-21T17:22:09","modified_gmt":"2025-07-21T17:22:09","slug":"cyclisme-transfert-red-bull-bora-hansgrohe-prolonge-un-solide-puncheur-danois","status":"publish","type":"post","link":"https:\/\/www.europesays.com\/fr\/263845\/","title":{"rendered":"Cyclisme. Transfert &#8211; Red Bull BORA-Hansgrohe prolonge un solide puncheur danois !"},"content":{"rendered":"<p>Qui dit jour de repos sur un Grand Tour dit jour d&rsquo;annonce de transferts pour de nombreuses \u00e9quipes, c&rsquo;est le cas notamment de la formation <strong>Red Bull BORA-Hansgrohe<\/strong> ce lundi 21 juillet. L&rsquo;\u00e9quipe allemande a annonc\u00e9 la prolongation de contrat d&rsquo;un \u00e9quipier de <strong><a href=\"https:\/\/www.cyclismactu.net\/..\/news-tour-de-france-route-florian-lipowitz-je-suis-tombe-y-avait-beaucoup-de-stress-89099.html\" target=\"_blank\" rel=\"nofollow noopener\">Florian Lipowitz<\/a><\/strong> et de <strong>Primoz Roglic<\/strong>, en la personne du solide puncheur danois, <strong>Frederik Wandahl<\/strong>. M\u00eame s&rsquo;il n&rsquo;est pas pr\u00e9sent sur le <strong>Tour<\/strong>, le jeune coureur de 24 ans esp\u00e8re r\u00e9aliser son r\u00eave, \u00e0 savoir participer \u00e0 un Grand Tour dans les ann\u00e9es \u00e0 venir, comme il l&rsquo;explique dans le communiqu\u00e9 officiel de la formation allemande.<\/p>\n<p>Vid\u00e9o &#8211; Wandahl est le co\u00e9quipier de Florian Lipowitz !  Lire la suite de l&rsquo;article&#13;<\/p>\n<p>\u00a0<\/p>\n<p>&#13;<br \/>\n\u00ab\u00a0Je suis ravi de la prolongation de mon contrat&#8230;\u00a0\u00bb&#13;<\/p>\n<p>\u00ab\u00a0Je suis ravi de la prolongation de mon contrat et je suis ravi de continuer avec Red Bull BORA\u2013Hansgrohe\u00a0\u00bb, d\u00e9bute le Danois. \u00ab\u00a0Au fil des ann\u00e9es, cette \u00e9quipe est devenue comme une seconde famille pour moi. Il y a eu des hauts et des bas depuis mon arriv\u00e9e en 2021, mais je m\u2019y suis toujours senti chez moi. Je suis fier de rester et de continuer \u00e0 me battre pour de grands r\u00e9sultats ensemble. La principale raison pour laquelle j\u2019ai d\u00e9cid\u00e9 de rester, c\u2019est que je crois au projet. Chaque \u00e9quipe a ses hauts et ses bas, mais ce que je vois au sein de cette \u00e9quipe \u2013 la fa\u00e7on dont les gens travaillent dur chaque jour \u2013 me motive. L\u2019arriv\u00e9e de Red Bull, l\u2019un des plus gros investisseurs du sport, me donne encore plus confiance dans la direction que nous prenons. Et surtout, l\u2019\u00e9quipe continue de croire en moi, comme elle l\u2019a fait depuis le premier jour. Cette confiance est tr\u00e8s importante pour moi.<\/p>\n<p>&#13;<\/p>\n<p>Pour moi, participer \u00e0 un Grand Tour est sans aucun doute l\u2019un de mes grands objectifs. Je n\u2019ai pas encore fait mes d\u00e9buts, principalement \u00e0 cause des gros contretemps que j\u2019ai mentionn\u00e9s. Cependant, je veux voir o\u00f9 j\u2019en suis sur trois semaines et comment je peux progresser gr\u00e2ce \u00e0 cette exp\u00e9rience. Parall\u00e8lement, je souhaite me concentrer davantage sur les courses d\u2019un jour. C\u2019est l\u00e0 que je sens que mes points forts r\u00e9sident : me donner \u00e0 fond sur une seule journ\u00e9e. Que ce soit les Mondiaux, les Monuments ou d\u2019autres grandes courses d\u2019un jour, ce style de course me convient parfaitement\u00a0\u00bb, conclut <strong>Frederik Wandahl<\/strong> dans le communiqu\u00e9 officiel de la formation dirig\u00e9e par <strong>Ralph Denk<\/strong>.<\/p>\n","protected":false},"excerpt":{"rendered":"Qui dit jour de repos sur un Grand Tour dit jour d&rsquo;annonce de transferts pour de nombreuses \u00e9quipes,&hellip;\n","protected":false},"author":2,"featured_media":263846,"comment_status":"","ping_status":"","sticky":false,"template":"","format":"standard","meta":{"footnotes":""},"categories":[1411],"tags":[1154,207,211,1011,27,209,60,210,969,212,208,213],"class_list":{"0":"post-263845","1":"post","2":"type-post","3":"status-publish","4":"format-standard","5":"has-post-thumbnail","7":"category-cyclisme","8":"tag-cycling","9":"tag-cyclisme","10":"tag-ffc","11":"tag-fr","12":"tag-france","13":"tag-route","14":"tag-sports","15":"tag-tour-de-france","16":"tag-transfert","17":"tag-uci","18":"tag-velo","19":"tag-world-tour"},"share_on_mastodon":{"url":"https:\/\/pubeurope.com\/@fr\/114892383407905952","error":""},"_links":{"self":[{"href":"https:\/\/www.europesays.com\/fr\/wp-json\/wp\/v2\/posts\/263845","targetHints":{"allow":["GET"]}}],"collection":[{"href":"https:\/\/www.europesays.com\/fr\/wp-json\/wp\/v2\/posts"}],"about":[{"href":"https:\/\/www.europesays.com\/fr\/wp-json\/wp\/v2\/types\/post"}],"author":[{"embeddable":true,"href":"https:\/\/www.europesays.com\/fr\/wp-json\/wp\/v2\/users\/2"}],"replies":[{"embeddable":true,"href":"https:\/\/www.europesays.com\/fr\/wp-json\/wp\/v2\/comments?post=263845"}],"version-history":[{"count":0,"href":"https:\/\/www.europesays.com\/fr\/wp-json\/wp\/v2\/posts\/263845\/revisions"}],"wp:featuredmedia":[{"embeddable":true,"href":"https:\/\/www.europesays.com\/fr\/wp-json\/wp\/v2\/media\/263846"}],"wp:attachment":[{"href":"https:\/\/www.europesays.com\/fr\/wp-json\/wp\/v2\/media?parent=263845"}],"wp:term":[{"taxonomy":"category","embeddable":true,"href":"https:\/\/www.europesays.com\/fr\/wp-json\/wp\/v2\/categories?post=263845"},{"taxonomy":"post_tag","embeddable":true,"href":"https:\/\/www.europesays.com\/fr\/wp-json\/wp\/v2\/tags?post=263845"}],"curies":[{"name":"wp","href":"https:\/\/api.w.org\/{rel}","templated":true}]}}