{"id":263848,"date":"2025-07-21T17:24:12","date_gmt":"2025-07-21T17:24:12","guid":{"rendered":"https:\/\/www.europesays.com\/fr\/263848\/"},"modified":"2025-07-21T17:24:12","modified_gmt":"2025-07-21T17:24:12","slug":"le-prince-harry-estomaque-par-cette-reponse-delizabeth-ii-a-une-question-sur-meghan-markle","status":"publish","type":"post","link":"https:\/\/www.europesays.com\/fr\/263848\/","title":{"rendered":"Le prince Harry estomaqu\u00e9 par cette r\u00e9ponse d\u2019Elizabeth II \u00e0 une question sur Meghan Markle"},"content":{"rendered":"<p>Avant d\u00a0\u00bb\u00e9pouser <a href=\"https:\/\/www.closermag.fr\/royautes\/meghan-markle-serait-furieuse-davoir-ete-snobee-par-cette-star-internationale-3565173\" rel=\"nofollow noopener\" target=\"_blank\"><br \/>\nMeghan Markle<\/a> \u00e0 la <strong>chapelle Saint George de<br \/>\nWindsor<\/strong>, en Angleterre, <a href=\"https:\/\/www.closermag.fr\/royautes\/prince-harry-depasse-il-abandonne-une-decision-mediocre-3564429\" rel=\"nofollow noopener\" target=\"_blank\"><br \/>\nprince Harry<\/a> a demand\u00e9 sa b\u00e9n\u00e9diction \u00e0 sa famille. Comme le<br \/>\nrapporte <a href=\"https:\/\/www.hellomagazine.com\/brides\/845293\/prince-harry-queen-response-meghan-marriage\/\" rel=\"nofollow noopener\" target=\"_blank\"><br \/>\nHello !<\/a>, il l&rsquo;a particuli\u00e8rement <strong>demand\u00e9 \u00e0 sa<br \/>\ngrand-m\u00e8r<\/strong>e, <a href=\"https:\/\/www.closermag.fr\/royautes\/meghan-markle-son-comportement-de-starlette-autoritaire-lors-de-son-mariage-avec-harry-faisait-trembler-elizabeth-ii-3560933\" rel=\"nofollow noopener\" target=\"_blank\"><br \/>\n\u00c9lizabeth II<\/a>. Et il a \u00e9t\u00e9 tr\u00e8s surpris, voire estomaqu\u00e9, par sa<br \/>\nr\u00e9ponse. Cette derni\u00e8re lui aurait adress\u00e9 ces mots :<br \/>\n<strong>\u00ab\u00a0Eh oui, je suppose que je dois dire<br \/>\noui\u00a0\u00bb<\/strong>.<\/p>\n<p>Une r\u00e9ponse pas vraiment tr\u00e8s franche, rapport\u00e9e par la<br \/>\nbiographe royale Ingrid Seward. Selon la sp\u00e9cialiste, cela aurait<br \/>\nlaiss\u00e9 Harry bri\u00e8vement incertain quant \u00e0 son choix. Elle affirme<br \/>\nque <strong>le duc de Sussex a \u00e9t\u00e9 \u00ab\u00a0abasourdi\u00a0\u00bb par la<br \/>\nremarque,<\/strong> mais s&rsquo;\u00e9tait vite rendu compte, qu&rsquo;en fait, elle<br \/>\navait donn\u00e9 son consentement.<\/p>\n<p>\u00c9lizabeth II \u00e0 propos de Meghan Markle : \u00ab\u00a0Nous esp\u00e9rons<br \/>\nqu&rsquo;elle est amoureuse, mais nous ne le pensons pas<br \/>\nvraiment\u00a0\u00bb<\/p>\n<p>Toujours selon la sp\u00e9cialiste, l&rsquo;\u00e9change aurait eu lieu dans un<br \/>\nchamp balay\u00e9 par le vent \u00e0 Norfolk, en 2017, en l&rsquo;absence du<br \/>\n<a href=\"https:\/\/www.closermag.fr\/royautes\/charles-iii-le-prince-harry-fait-une-demande-tres-particuliere-en-lien-avec-le-cancer-du-roi-3563739\" rel=\"nofollow noopener\" target=\"_blank\"><br \/>\nroi Charles<\/a> et du prince Philip. Il<strong>\u00a0qui se serait<br \/>\nproduit \u00e0 b\u00e2tons rompus<\/strong>, hors du cadre royal officiel.<br \/>\nLady Elizabeth Anson, une proche confidente de la reine, aurait \u00e9t\u00e9<br \/>\ninform\u00e9e de la rencontre peu de temps apr\u00e8s. Elle avait auparavant<br \/>\nparl\u00e9 chaque semaine avec la Reine et partag\u00e9 des informations sur<br \/>\nles sentiments de cette derni\u00e8re.<\/p>\n<p>Et il s&rsquo;av\u00e8re que la grand-m\u00e8re d&rsquo;Harry \u00e9tait plus que septique.<br \/>\nSur <a href=\"https:\/\/sallybedellsmith.substack.com\/p\/part-three-an-insiders-view-of-the\" rel=\"nofollow noopener\" data-mrf-recirculation=\"article-body-link\" data-mrf-link=\"https:\/\/sallybedellsmith.substack.com\/p\/part-three-an-insiders-view-of-the\" target=\"_blank\"><br \/>\nSubstack Royal Extras,l<\/a>a journaliste et biographe Sally Bedell<br \/>\nSmith a r\u00e9cemment <strong>r\u00e9v\u00e9l\u00e9 les doutes de la m\u00e8re de Charles<br \/>\nIII<\/strong>. Quelques jours avant le mariage, elle aurait d\u00e9clar\u00e9<br \/>\n: \u00ab\u00a0Nous esp\u00e9rons qu&rsquo;elle est amoureuse, <strong>mais nous ne le<br \/>\npensons pas vraiment.<\/strong> Nous pensons qu&rsquo;elle a tout<br \/>\norchestr\u00e9. Il est inqui\u00e9tant que tant de gens se demandent si<br \/>\nMeghan est la bonne personne pour Harry. Le probl\u00e8me, que Dieu le<br \/>\nb\u00e9nisse, c&rsquo;est\u00a0<strong>qu&rsquo;Harry n&rsquo;est ni brillant ni fort, et<br \/>\nelle est les deux<\/strong>\u00ab\u00a0.<\/p>\n<p><img decoding=\"async\" aria-describedby=\"caption-attachment-3510165\" itemprop=\"thumbnailUrl\" class=\"size-large wp-image-3510165 img-responsive\" src=\"https:\/\/www.europesays.com\/fr\/wp-content\/uploads\/2025\/07\/bestimage_00386963_000019-1358x1024.jpg\" alt=\"&lt;p&gt;&lt;br data-mce-bogus=\"\/>\u00a0\u00bb width=\u00a0\u00bb1358&Prime; height=\u00a0\u00bb1024&Prime;&gt; \u00a9 Bestimage<\/p>\n<p id=\"caption-attachment-3510165\" class=\"wp-caption-text\">Le<br \/>\nprince Harry estomaqu\u00e9 par cette r\u00e9ponse d\u2019Elizabeth II \u00e0 une<br \/>\nquestion sur Meghan Markle<\/p>\n<p>La duchesse de Sussex \u00ab\u00a0capricieuse\u00a0\u00bb<br \/>\navant son mariage avec prince Harry<\/p>\n<p>Par la suite, entre la reine et la future <a href=\"https:\/\/www.closermag.fr\/royautes\/camilla-parker-bowles-a-77-ans-le-post-cryptique-de-meghan-markle-3564636\" rel=\"nofollow noopener\" target=\"_blank\"><br \/>\nduchesse de Sussex<\/a>, les choses ne se sont pas vraiment<br \/>\narrang\u00e9es. Meg se serait montr\u00e9e de plus en plus \u00ab\u00a0autoritaire\u00a0\u00bb \u00e0<br \/>\nl&rsquo;approche du mariage, <strong>refusant m\u00eame de r\u00e9v\u00e9ler \u00e0 quoi<br \/>\nressemblait sa robe \u00e0 \u00c9lizabeth II<\/strong>. Des sources proches<br \/>\nr\u00e9v\u00e8lent aussi que <strong>Meghan s&rsquo;est montr\u00e9e<br \/>\n\u00ab\u00a0capricieuse\u00a0\u00bb<\/strong>, se plaignant m\u00eame que la chapelle de<br \/>\nWindsor sentait le moisi.<\/p>\n<p>Malgr\u00e9 les frictions, il semble qu&rsquo;Harry ait fait des efforts<br \/>\npour r\u00e9parer la relation. Au moment de la c\u00e9r\u00e9monie \u00e0 la chapelle<br \/>\nSaint-Georges, <strong>la reine et son petit-fils se seraient<br \/>\nr\u00e9concili\u00e9s.<\/strong><\/p>\n","protected":false},"excerpt":{"rendered":"Avant d\u00a0\u00bb\u00e9pouser Meghan Markle \u00e0 la chapelle Saint George de Windsor, en Angleterre, prince Harry a demand\u00e9 sa&hellip;\n","protected":false},"author":2,"featured_media":263849,"comment_status":"","ping_status":"","sticky":false,"template":"","format":"standard","meta":{"footnotes":""},"categories":[1359],"tags":[548,58,59,1011,27,908,973],"class_list":{"0":"post-263848","1":"post","2":"type-post","3":"status-publish","4":"format-standard","5":"has-post-thumbnail","7":"category-people","8":"tag-article-simple","9":"tag-divertissement","10":"tag-entertainment","11":"tag-fr","12":"tag-france","13":"tag-meghan-markle","14":"tag-people"},"share_on_mastodon":{"url":"https:\/\/pubeurope.com\/@fr\/114892391354641611","error":""},"_links":{"self":[{"href":"https:\/\/www.europesays.com\/fr\/wp-json\/wp\/v2\/posts\/263848","targetHints":{"allow":["GET"]}}],"collection":[{"href":"https:\/\/www.europesays.com\/fr\/wp-json\/wp\/v2\/posts"}],"about":[{"href":"https:\/\/www.europesays.com\/fr\/wp-json\/wp\/v2\/types\/post"}],"author":[{"embeddable":true,"href":"https:\/\/www.europesays.com\/fr\/wp-json\/wp\/v2\/users\/2"}],"replies":[{"embeddable":true,"href":"https:\/\/www.europesays.com\/fr\/wp-json\/wp\/v2\/comments?post=263848"}],"version-history":[{"count":0,"href":"https:\/\/www.europesays.com\/fr\/wp-json\/wp\/v2\/posts\/263848\/revisions"}],"wp:featuredmedia":[{"embeddable":true,"href":"https:\/\/www.europesays.com\/fr\/wp-json\/wp\/v2\/media\/263849"}],"wp:attachment":[{"href":"https:\/\/www.europesays.com\/fr\/wp-json\/wp\/v2\/media?parent=263848"}],"wp:term":[{"taxonomy":"category","embeddable":true,"href":"https:\/\/www.europesays.com\/fr\/wp-json\/wp\/v2\/categories?post=263848"},{"taxonomy":"post_tag","embeddable":true,"href":"https:\/\/www.europesays.com\/fr\/wp-json\/wp\/v2\/tags?post=263848"}],"curies":[{"name":"wp","href":"https:\/\/api.w.org\/{rel}","templated":true}]}}