{"id":263850,"date":"2025-07-21T17:25:14","date_gmt":"2025-07-21T17:25:14","guid":{"rendered":"https:\/\/www.europesays.com\/fr\/263850\/"},"modified":"2025-07-21T17:25:14","modified_gmt":"2025-07-21T17:25:14","slug":"lastrophotographe-flavien-beauvais-les-pieds-sur-terre-les-yeux-braques-vers-le-ciel-et-la-tete-dans-les-etoiles","status":"publish","type":"post","link":"https:\/\/www.europesays.com\/fr\/263850\/","title":{"rendered":"L\u2019astrophotographe Flavien Beauvais, les pieds sur terre, les yeux braqu\u00e9s vers le ciel et la t\u00eate dans les \u00e9toiles"},"content":{"rendered":"<p>    La r\u00e9daction vous conseille<\/p>\n<p>\u00c0\u00a023\u00a0ans, le jeune Angoumoisin, naturaliste, charg\u00e9 d\u2019\u00e9tudes chez Adev Environnement, passe son temps libre les yeux braqu\u00e9s vers le ciel et la t\u00eate dans les \u00e9toiles. Il est l\u2019un de ces Charentais qui, toute l\u2019ann\u00e9e, se pla\u00eet \u00e0 partager ses plus beaux clich\u00e9s avec les lecteurs de Charente Libre.<\/p>\n<p>Il a captur\u00e9 la Voie lact\u00e9e depuis Plassac-Rouffiac, la \u00ab\u00a0Lune rose \u00bb puis la \u00ab\u00a0super Lune bleue\u00a0\u00bb, au-dessus d\u2019Angoul\u00eame, et des aurores bor\u00e9ales un peu partout en France. \u00ab\u00a0Tout a commenc\u00e9 quand j\u2019avais 7 ans\u00a0: j\u2019ai piqu\u00e9 l\u2019appareil de papa et je suis all\u00e9 dans le jardin de notre maison la nuit\u00a0\u00bb, se souvient-il en pr\u00e9parant minutieusement son mat\u00e9riel sophistiqu\u00e9, \u00e9tape incontournable avant de lancer sa chasse aux objets c\u00e9lestes.<\/p>\n<p>\u00ab\u00a0De telles images demandent \u00e9norm\u00e9ment d\u2019anticipation. Et de pr\u00e9cision\u00a0: il faut \u00e9tudier les phases de la Lune, la m\u00e9t\u00e9o, choisir un lieu d\u00e9pourvu de lumi\u00e8re artificielle.\u00a0\u00bb Les meilleurs spots en Charente\u00a0? Il cite le sud-ouest pour observer la Voie lact\u00e9e et le sud-est, \u00ab\u00a0limite Dordogne\u00a0\u00bb. \u00ab\u00a0Plut\u00f4t loin des villes.\u00a0\u00bb<\/p>\n<p>    La r\u00e9daction vous conseille<\/p>\n<blockquote><p>\u00ab\u00a0J\u2019aime r\u00e9unir sur un plan un b\u00e2timent du Moyen \u00c2ge et des \u00e9toiles vieilles de milliards d\u2019ann\u00e9es.\u00a0\u00bb<\/p><\/blockquote>\n<p>Le nez et l\u2019appareil braqu\u00e9s vers le ciel, il a aussi toujours le souci d\u2019ouvrir la focale sur le patrimoine, l\u2019environnement local\u00a0: une \u00e9glise orthodoxe dans la for\u00eat d\u2019Horte, les vignes du Cogna\u00e7ais. \u00ab\u00a0J\u2019aime r\u00e9unir sur un m\u00eame plan un b\u00e2timent construit au XIVe ou XVe\u00a0si\u00e8cle et les \u00e9toiles qui sont l\u00e0 depuis des milliards d\u2019ann\u00e9es.\u00a0\u00bb<\/p>\n<p>    La r\u00e9daction vous conseille<\/p>\n<p>    La r\u00e9daction vous conseille<\/p>\n<p>Flavien Beauvais publie ses photos aux allures de tableaux et des vid\u00e9os sur les r\u00e9seaux sociaux. Son compte <a href=\"https:\/\/www.instagram.com\/flavien_pics\/\" target=\"_blank\" rel=\"nofollow noopener\">flavien_pics <\/a>compte 60\u00a0000 followers. Son travail a \u00e9t\u00e9 rep\u00e9r\u00e9: la semaine derni\u00e8re, il a d\u00e9couvert que sa photo du lever de Lune sur le ch\u00e2teau de Villebois-Lavalette vient d\u2019\u00eatre s\u00e9lectionn\u00e9e en phase finale du concours \u00ab\u00a0Astronomy photographer of the year 2025\u00a0\u00bb dans la cat\u00e9gorie \u00ab\u00a0Our moon\u00a0\u00bb. \u00ab\u00a0On se retrouve le 11\u00a0septembre pour la remise des r\u00e9compenses, et qui sait\u2026\u00a0\u00bb, sourit-il.<\/p>\n<ul class=\"slides\">\n<li>\n<p>        <img decoding=\"async\" id=\"25177370\" src=\"https:\/\/www.europesays.com\/fr\/wp-content\/uploads\/2025\/07\/eglise-orthodoxe-pano.jpg\" alt=\"Arche galactique. \u201cCette photo est repr\u00e9sentative de mon travail\u201d, assure-t-il.\" itemprop=\"contentURL\"\/><\/p>\n<p>    Arche galactique. \u201cCette photo est repr\u00e9sentative de mon travail\u201d, assure-t-il.<\/p>\n<p>Flavien Beauvais<\/p>\n<\/li>\n<li>\n<p>        <img decoding=\"async\" id=\"24968190\" src=\"https:\/\/www.europesays.com\/fr\/wp-content\/uploads\/2025\/07\/flavien-2.jpg\" alt=\"Flavien Beauvais prend le temps de pr\u00e9parer son mat\u00e9riel sophistiqu\u00e9. \" itemprop=\"contentURL\"\/><\/p>\n<p>    Flavien Beauvais prend le temps de pr\u00e9parer son mat\u00e9riel sophistiqu\u00e9. <\/p>\n<p>Killian Housseau<\/p>\n<\/li>\n<\/ul>\n<p>        <img decoding=\"async\" id=\"25177475\" src=\"https:\/\/www.europesays.com\/fr\/wp-content\/uploads\/2025\/07\/1753118714_948_clic-clac.jpg\" itemprop=\"contentURL\"\/><\/p>\n<p>    Incroyable arche galactique au-dessus de l\u2019\u00e9glise orthodoxe<br \/>\n\u00ab\u00a0C\u2019est une photo qui r\u00e9sume totalement mon travail\u00a0\u00bb, estime Flavien Beauvais. Il y a quelques semaines, l\u2019astrophotographe charentais a captur\u00e9 la Voie lact\u00e9e, cette immense spirale d\u2019\u00e9toiles. Sur terre, le jeune homme se trouvait du c\u00f4t\u00e9 de Grassac. Et juste en dessous du ciel, l\u2019\u00e9glise orthodoxe du monast\u00e8re Notre\u2011Dame\u2011de\u2011Cherson\u00e8se, souvent appel\u00e9e \u00e9glise de Korssoun, situ\u00e9e \u00e0 Doum\u00e9rac.<\/p>\n<p><script async src=\"\/\/www.instagram.com\/embed.js\"><\/script><\/p>\n","protected":false},"excerpt":{"rendered":"La r\u00e9daction vous conseille \u00c0\u00a023\u00a0ans, le jeune Angoumoisin, naturaliste, charg\u00e9 d\u2019\u00e9tudes chez Adev Environnement, passe son temps libre&hellip;\n","protected":false},"author":2,"featured_media":263851,"comment_status":"","ping_status":"","sticky":false,"template":"","format":"standard","meta":{"footnotes":""},"categories":[1358],"tags":[1348,1384,1385,1386,58,59,1011,27],"class_list":{"0":"post-263850","1":"post","2":"type-post","3":"status-publish","4":"format-standard","5":"has-post-thumbnail","7":"category-arts-et-design","8":"tag-arts","9":"tag-arts-and-design","10":"tag-arts-et-design","11":"tag-design","12":"tag-divertissement","13":"tag-entertainment","14":"tag-fr","15":"tag-france"},"share_on_mastodon":{"url":"https:\/\/pubeurope.com\/@fr\/114892395258105941","error":""},"_links":{"self":[{"href":"https:\/\/www.europesays.com\/fr\/wp-json\/wp\/v2\/posts\/263850","targetHints":{"allow":["GET"]}}],"collection":[{"href":"https:\/\/www.europesays.com\/fr\/wp-json\/wp\/v2\/posts"}],"about":[{"href":"https:\/\/www.europesays.com\/fr\/wp-json\/wp\/v2\/types\/post"}],"author":[{"embeddable":true,"href":"https:\/\/www.europesays.com\/fr\/wp-json\/wp\/v2\/users\/2"}],"replies":[{"embeddable":true,"href":"https:\/\/www.europesays.com\/fr\/wp-json\/wp\/v2\/comments?post=263850"}],"version-history":[{"count":0,"href":"https:\/\/www.europesays.com\/fr\/wp-json\/wp\/v2\/posts\/263850\/revisions"}],"wp:featuredmedia":[{"embeddable":true,"href":"https:\/\/www.europesays.com\/fr\/wp-json\/wp\/v2\/media\/263851"}],"wp:attachment":[{"href":"https:\/\/www.europesays.com\/fr\/wp-json\/wp\/v2\/media?parent=263850"}],"wp:term":[{"taxonomy":"category","embeddable":true,"href":"https:\/\/www.europesays.com\/fr\/wp-json\/wp\/v2\/categories?post=263850"},{"taxonomy":"post_tag","embeddable":true,"href":"https:\/\/www.europesays.com\/fr\/wp-json\/wp\/v2\/tags?post=263850"}],"curies":[{"name":"wp","href":"https:\/\/api.w.org\/{rel}","templated":true}]}}