{"id":263852,"date":"2025-07-21T17:26:11","date_gmt":"2025-07-21T17:26:11","guid":{"rendered":"https:\/\/www.europesays.com\/fr\/263852\/"},"modified":"2025-07-21T17:26:11","modified_gmt":"2025-07-21T17:26:11","slug":"en-image-gerbepal-plus-de-300-ouvrages-proposes-lors-de-la-bourse-aux-livres","status":"publish","type":"post","link":"https:\/\/www.europesays.com\/fr\/263852\/","title":{"rendered":"En image | Gerb\u00e9pal. Plus de 300 ouvrages propos\u00e9s lors de la bourse aux livres"},"content":{"rendered":"<p>L\u2019association Espaces et Culture, pr\u00e9sid\u00e9e par Michel Marchal, a organis\u00e9 une bourse aux livres \u00e0 l\u2019occasion du vide-grenier.<\/p>\n<p>Plus de 300\u00a0livres \u00e9taient mis en avant, permettant aux lecteurs et collectionneurs de trouver leur coup de c\u0153ur parmi les ouvrages propos\u00e9s.<\/p>\n<p>Cette bourse est l\u2019occasion, \u00e0 la suite de ces ventes, de renouveler les livres de la biblioth\u00e8que.<\/p>\n","protected":false},"excerpt":{"rendered":"L\u2019association Espaces et Culture, pr\u00e9sid\u00e9e par Michel Marchal, a organis\u00e9 une bourse aux livres \u00e0 l\u2019occasion du vide-grenier.&hellip;\n","protected":false},"author":2,"featured_media":263853,"comment_status":"","ping_status":"","sticky":false,"template":"","format":"standard","meta":{"footnotes":""},"categories":[1357],"tags":[1379,40326,1687,58,1799,59,1011,27,40325,1380,2410],"class_list":{"0":"post-263852","1":"post","2":"type-post","3":"status-publish","4":"format-standard","5":"has-post-thumbnail","7":"category-livres","8":"tag-books","9":"tag-ca-de-saint-die-des-vosges-88b3","10":"tag-culture-loisirs","11":"tag-divertissement","12":"tag-edition-saint-die","13":"tag-entertainment","14":"tag-fr","15":"tag-france","16":"tag-gerbepal","17":"tag-livres","18":"tag-livres-bd"},"share_on_mastodon":{"url":"https:\/\/pubeurope.com\/@fr\/114892399179530575","error":""},"_links":{"self":[{"href":"https:\/\/www.europesays.com\/fr\/wp-json\/wp\/v2\/posts\/263852","targetHints":{"allow":["GET"]}}],"collection":[{"href":"https:\/\/www.europesays.com\/fr\/wp-json\/wp\/v2\/posts"}],"about":[{"href":"https:\/\/www.europesays.com\/fr\/wp-json\/wp\/v2\/types\/post"}],"author":[{"embeddable":true,"href":"https:\/\/www.europesays.com\/fr\/wp-json\/wp\/v2\/users\/2"}],"replies":[{"embeddable":true,"href":"https:\/\/www.europesays.com\/fr\/wp-json\/wp\/v2\/comments?post=263852"}],"version-history":[{"count":0,"href":"https:\/\/www.europesays.com\/fr\/wp-json\/wp\/v2\/posts\/263852\/revisions"}],"wp:featuredmedia":[{"embeddable":true,"href":"https:\/\/www.europesays.com\/fr\/wp-json\/wp\/v2\/media\/263853"}],"wp:attachment":[{"href":"https:\/\/www.europesays.com\/fr\/wp-json\/wp\/v2\/media?parent=263852"}],"wp:term":[{"taxonomy":"category","embeddable":true,"href":"https:\/\/www.europesays.com\/fr\/wp-json\/wp\/v2\/categories?post=263852"},{"taxonomy":"post_tag","embeddable":true,"href":"https:\/\/www.europesays.com\/fr\/wp-json\/wp\/v2\/tags?post=263852"}],"curies":[{"name":"wp","href":"https:\/\/api.w.org\/{rel}","templated":true}]}}