{"id":263854,"date":"2025-07-21T17:27:16","date_gmt":"2025-07-21T17:27:16","guid":{"rendered":"https:\/\/www.europesays.com\/fr\/263854\/"},"modified":"2025-07-21T17:27:16","modified_gmt":"2025-07-21T17:27:16","slug":"cest-vrai-quhumainement-danielle-moreau-plus-cash-que-jamais-tout-ce-quelle-pense-de-matthieu-delormeau","status":"publish","type":"post","link":"https:\/\/www.europesays.com\/fr\/263854\/","title":{"rendered":"\u00ab\u00a0C&rsquo;est vrai qu&rsquo;humainement&#8230;\u00a0\u00bb : Danielle Moreau plus cash que jamais, tout ce qu&rsquo;elle pense de Matthieu Delormeau"},"content":{"rendered":"<p>Elle n\u2019en gardera visiblement pas un bon souvenir d\u2019un point de vue \u00ab\u00a0humain\u00a0\u00bb. N\u00e9anmoins, elle assure que, professionnellement, il fait partie des meilleurs. Entre Danielle Moreau et <a href=\"https:\/\/www.public.fr\/tag\/matthieu-delormeau\" target=\"_blank\" rel=\"noopener\">Matthieu Delormeau<\/a>, ce ne serait pas une grande histoire d\u2019amour, au contraire.<\/p>\n<p>C\u2019est en tout cas ce que vient d\u2019assurer l\u2019ancienne chroniqueuse de <a href=\"https:\/\/www.public.fr\/tag\/cyril-hanouna\" target=\"_blank\" rel=\"noopener\">Cyril Hanouna<\/a>, dans le <strong>Jet de Luxe<\/strong>. En effet, invit\u00e9e de Jordan de Luxe pour une interview, celle qui \u00e9tait consid\u00e9r\u00e9e <a href=\"https:\/\/www.public.fr\/jai-surement-pu-magacer-isabelle-morini-bosc-cash-sur-sa-relation-avec-danielle-moreau\" target=\"_blank\" rel=\"noopener\">comme la \u00ab\u00a0rivale\u00a0\u00bb d\u2019Isabelle Morini-Bosc <\/a>a dit tout ce qu\u2019elle pensait de l\u2019animateur et producteur qui a r\u00e9cemment fait parler de lui apr\u00e8s s\u2019\u00eatre affich\u00e9 sur son compte Instagram en train de se masturber.\u00a0<\/p>\n<p>Danielle Moreau n&rsquo;a pas appr\u00e9ci\u00e9 les tacles de Matthieu Delormeau<\/p>\n<p>La faute aux blagues de \u00ab\u00a0mauvais go\u00fbt\u00a0\u00bb <a href=\"https:\/\/www.public.fr\/tout-beau-tout-9-retour-de-matthieu-delormeau-aupres-de-cyril-hanouna-certains-chroniqueurs-sy-opposent-fermement\" target=\"_blank\" rel=\"noopener\">de Matthieu Delormeau<\/a>. Dans un premier temps, Danielle Moreau assure avoir toujours eu beaucoup d\u2019estime pour son ancien coll\u00e8ge, professionnellement parlant. \u00ab\u00a0Moi, j&rsquo;ai toujours dit que c&rsquo;\u00e9tait un des meilleures chroniqueurs, Matthieu Delormeau\u00a0\u00bb, explique-t-elle \u00e0 Jordan de Luxe avant de nuancer :<strong> \u00ab\u00a0mais c&rsquo;est vrai qu&rsquo;humainement,\u00a0il n&rsquo;a vraiment pas \u00e9t\u00e9 cool avec moi\u00a0\u00bb.\u00a0<\/strong><\/p>\n<p>L\u2019ancienne chroniqueuse de <a href=\"https:\/\/vsd.fr\/tag\/cyril-hanouna\/\" target=\"_blank\" rel=\"noopener\">Cyril Hanouna <\/a>n\u2019a pas vraiment dig\u00e9r\u00e9 les \u00ab\u00a0<strong>petites assez violentes phrases <\/strong>rest\u00e9es en travers\u00a0\u00bb de la part du chroniqueur. Si Danielle Moreau l\u2019a encore en travers de la gorge, c\u2019est aussi parce qu\u2019elle prenait connaissance de ces \u00ab\u00a0petites assez violentes phrases\u00a0\u00bb depuis son canap\u00e9, sans pouvoir r\u00e9ellement se d\u00e9fendre.<\/p>\n<p>En effet, elle ne faisait plus partie de l\u2019\u00e9mission au moment o\u00f9 Matthieu Delormeau \u00ab\u00a0l\u2019attaquait\u00a0\u00bb \u00e0 distance. <strong>\u00ab\u00a0Donc j&rsquo;\u00e9tais sur mon canap\u00e9, et je ne pouvais pas r\u00e9pondre, donc c&rsquo;\u00e9tait dur\u00a0\u00bb<\/strong>, d\u00e9plore-t-elle. N\u00e9anmoins, m\u00eame lorsqu\u2019elle se trouvait en plateau, le comportement de son ancien coll\u00e8gue envers elle ne lui a pas pour autant laiss\u00e9 un bon souvenir.<\/p>\n<p>\u00ab\u00a0<strong>De toutes fa\u00e7ons, tu as la vie que tu m\u00e9rites\u00a0\u00bb<\/strong>, lui aurait notamment lanc\u00e9 l\u2019animateur et producteur \u00ab\u00a0tout \u00e7a parce qu&rsquo;on n&rsquo;\u00e9tait pas d&rsquo;accord, en plein d\u00e9bat\u00a0\u00bb, se souvient Danielle Moreau.\u00a0<\/p>\n<p>Elle ne lui souhaite que le meilleur malgr\u00e9 tout<\/p>\n<p>Aujourd\u2019hui, elle n\u2019a plus de nouvelles de lui. Et malgr\u00e9 leurs diff\u00e9rends par le pass\u00e9, l\u2019ancienne chroniqueuse de Cyril Hanouna assure qu\u2019elle pense \u00e9norm\u00e9ment \u00e0 Matthieu Delormeau, notamment depuis qu\u2019elle lit des nouvelles n\u00e9gatives \u00e0 son sujet dans la presse.\u00a0<\/p>\n<p>\u00ab\u00a0Alors moi, <strong>je lui souhaite le meilleur<\/strong>, vraiment, je trouve qu&rsquo;il a \u00e9norm\u00e9ment de talent. Il \u00e9tait\u00a0le meilleur, il \u00e9tait dr\u00f4lissime,\u00a0mais voil\u00e0, je pense qu&rsquo;il faut qu&rsquo;il fasse attention, car je pense que je n&rsquo;\u00e9tais pas la seule, et\u00a0il \u00e9tait quand m\u00eame assez blessant !\u00a0C&rsquo;est dommage car c&rsquo;est un gar\u00e7on qui a tout pour lui, il est beau, il a du talent\u2026\u00a0\u00bb, reconna\u00eet-elle, visiblement pas rancuni\u00e8re malgr\u00e9 tout.\u00a0<\/p>\n<\/p>\n<p>      Mentionn\u00e9s dans cet article<\/p>\n<p>\u00c0 lire aussi<\/p>\n","protected":false},"excerpt":{"rendered":"Elle n\u2019en gardera visiblement pas un bon souvenir d\u2019un point de vue \u00ab\u00a0humain\u00a0\u00bb. N\u00e9anmoins, elle assure que, professionnellement,&hellip;\n","protected":false},"author":2,"featured_media":263855,"comment_status":"","ping_status":"","sticky":false,"template":"","format":"standard","meta":{"footnotes":""},"categories":[1356],"tags":[1083,31151,58,59,1011,27,4829,7830,252,549,1364],"class_list":{"0":"post-263854","1":"post","2":"type-post","3":"status-publish","4":"format-standard","5":"has-post-thumbnail","7":"category-television","8":"tag-cyril-hanouna","9":"tag-danielle-moreau","10":"tag-divertissement","11":"tag-entertainment","12":"tag-fr","13":"tag-france","14":"tag-jordan-de-luxe","15":"tag-matthieu-delormeau","16":"tag-television","17":"tag-touche-pas-a-mon-poste","18":"tag-tv"},"share_on_mastodon":{"url":"https:\/\/pubeurope.com\/@fr\/114892403130389084","error":""},"_links":{"self":[{"href":"https:\/\/www.europesays.com\/fr\/wp-json\/wp\/v2\/posts\/263854","targetHints":{"allow":["GET"]}}],"collection":[{"href":"https:\/\/www.europesays.com\/fr\/wp-json\/wp\/v2\/posts"}],"about":[{"href":"https:\/\/www.europesays.com\/fr\/wp-json\/wp\/v2\/types\/post"}],"author":[{"embeddable":true,"href":"https:\/\/www.europesays.com\/fr\/wp-json\/wp\/v2\/users\/2"}],"replies":[{"embeddable":true,"href":"https:\/\/www.europesays.com\/fr\/wp-json\/wp\/v2\/comments?post=263854"}],"version-history":[{"count":0,"href":"https:\/\/www.europesays.com\/fr\/wp-json\/wp\/v2\/posts\/263854\/revisions"}],"wp:featuredmedia":[{"embeddable":true,"href":"https:\/\/www.europesays.com\/fr\/wp-json\/wp\/v2\/media\/263855"}],"wp:attachment":[{"href":"https:\/\/www.europesays.com\/fr\/wp-json\/wp\/v2\/media?parent=263854"}],"wp:term":[{"taxonomy":"category","embeddable":true,"href":"https:\/\/www.europesays.com\/fr\/wp-json\/wp\/v2\/categories?post=263854"},{"taxonomy":"post_tag","embeddable":true,"href":"https:\/\/www.europesays.com\/fr\/wp-json\/wp\/v2\/tags?post=263854"}],"curies":[{"name":"wp","href":"https:\/\/api.w.org\/{rel}","templated":true}]}}