{"id":263856,"date":"2025-07-21T17:28:12","date_gmt":"2025-07-21T17:28:12","guid":{"rendered":"https:\/\/www.europesays.com\/fr\/263856\/"},"modified":"2025-07-21T17:28:12","modified_gmt":"2025-07-21T17:28:12","slug":"gims-en-duo-avec-la-belle-fille-de-trump-le-rappeur-a-eu-du-mal-a-y-croire-et-nous-aussi","status":"publish","type":"post","link":"https:\/\/www.europesays.com\/fr\/263856\/","title":{"rendered":"Gims en duo avec la belle-fille de Trump, le rappeur a eu du mal \u00e0 y croire, et nous aussi"},"content":{"rendered":"<p>        <img decoding=\"async\" loading=\"lazy\" src=\"https:\/\/www.europesays.com\/fr\/wp-content\/uploads\/2025\/07\/1103a4c_1690794456333-gettyimages-1171816842.jpg\"  width=\"728\" height=\"409\" alt=\"Le chanteur Gims au Stade de France le 28\u00a0septembre 2019\u00a0(photo d\u2019illustration)\"\/>  <\/p>\n<p>David Wolff &#8211; Patrick \/ Redferns<\/p>\n<p>Le chanteur Gims au Stade de France le 28\u00a0septembre 2019\u00a0(photo d\u2019illustration)<\/p>\n<p class=\"asset asset-text\">MUSIQUE &#8211; Ce n\u2019est pas un \u00ab\u00a0kamoulox\u00a0\u00bb, m\u00eame si \u00e7a en a l\u2019air. Dans quelques semaines, les auditeurs pourront d\u00e9couvrir une nouvelle chanson de <a href=\"https:\/\/www.huffingtonpost.fr\/culture\/video\/au-concert-solidarite-congo-a-bercy-gims-appelle-a-multiplier-ce-genre-d-action_249133.html\" rel=\"nofollow noopener\" target=\"_blank\">Gims<\/a>, un duo avec une star am\u00e9ricaine \u00e0 l\u2019identit\u00e9 pour le moins \u00e9tonnante. Il s\u2019agit en effet comme le r\u00e9v\u00e8le Le Parisien de Lara Trump, \u00e9pouse d\u2019Eric Trump, et belle-fille donc de <a href=\"https:\/\/www.huffingtonpost.fr\/international\/article\/trump-menace-un-club-de-football-americain-pour-qu-il-reprenne-immediatement-son-ancien-nom-raciste_252803.html\" rel=\"nofollow noopener\" target=\"_blank\">Donald Trump<\/a>.<\/p>\n<p class=\"asset asset-text\">Le chanteur congolais et la<a href=\"https:\/\/www.huffingtonpost.fr\/international\/video\/la-famille-de-donald-trump-va-aussi-faire-son-retour-apres-sa-reelection-comme-president-des-etats-unis_242005.html\" target=\"_blank\" rel=\"noopener nofollow\" title=\"Nouvelle fen\u00eatre\"> membre de la famille Trump <\/a>qui tente de percer dans la country travaillent en secret depuis plusieurs mois sur cette collaboration musicale surprenante, r\u00e9v\u00e8le <a href=\"https:\/\/www.leparisien.fr\/culture-loisirs\/musique\/quand-gims-chante-avec-lara-trump-les-coulisses-de-la-collaboration-musicale-la-plus-improbable-de-lannee-21-07-2025-3PZTX22OYJGAFG5WF7SIB2IKUQ.php\" target=\"_blank\" rel=\"noopener nofollow\" title=\"Nouvelle fen\u00eatre\">Le Parisien<\/a>. Liil Serge, le producteur am\u00e9ricain du chanteur a confi\u00e9 \u00e0 nos confr\u00e8res, comment \u00e9tait n\u00e9 ce duo improbable.<\/p>\n<p class=\"asset asset-text\">Il explique avoir re\u00e7u un appel du producteur de Lara Trump, LJ Fino, affirmant que cette derni\u00e8re adorait Gims et voulait enregistrer une chanson avec lui. Apr\u00e8s avoir v\u00e9rifi\u00e9 qu\u2019il ne s\u2019agissait pas d\u2019un canular, Liil Serge a d\u00e9clench\u00e9 le processus.<\/p>\n<p> La lecture de ce contenu est susceptible d\u2019entra\u00eener un d\u00e9p\u00f4t de cookies de la part de l\u2019op\u00e9rateur tiers qui l\u2019h\u00e9berge. Compte-tenu des choix que vous avez exprim\u00e9s en mati\u00e8re de d\u00e9p\u00f4t de cookies, nous avons bloqu\u00e9 l\u2019affichage de ce contenu. Si vous souhaitez y acc\u00e9der, vous devez accepter la cat\u00e9gorie de cookies \u201cContenus tiers\u201d en cliquant sur le bouton ci-dessous. <\/p>\n<p> Lire la Vid\u00e9o            <\/p>\n<p class=\"asset asset-text\">Apr\u00e8s une premi\u00e8re r\u00e9union en \u00ab\u00a0visioconf\u00e9rence\u00a0\u00bb durant laquelle l\u2019ex co-pr\u00e9sidente du Comit\u00e9 National R\u00e9publicain aurait parl\u00e9 dans un fran\u00e7ais impeccable, ils ont cr\u00e9\u00e9 un groupe WhatsApp pour commencer \u00e0 partager leurs id\u00e9es artistiques. Et apr\u00e8s plusieurs semaines de ping-pong par messages interpos\u00e9s, la chanson Makassi (Fort en lingala) \u00e9tait n\u00e9e. Comme le r\u00e9v\u00e8le le Parisien, Gims et Lara Trump n\u2019ont pas enregistr\u00e9 cette chanson ensemble mais \u00e0 distance, mais c\u2019est bien c\u00f4te \u00e0 c\u00f4te qu\u2019ils tourneront dans le clip prochainement. Ce dernier, tout comme la chanson doivent \u00eatre d\u00e9voil\u00e9s \u00e0 la rentr\u00e9e prochaine.<\/p>\n<p class=\"asset asset-text\">Lara Trump, qui n\u2019a officiellement lanc\u00e9 sa carri\u00e8re musicale qu\u2019en 2023, a \u00e9galement collabor\u00e9 sur ce premier album encore attendu outre-Atlantique avec French Montana. Elle poursuit en parall\u00e8le de ses premiers pas musicaux une carri\u00e8re politique et t\u00e9l\u00e9visuelle en pr\u00e9sentant My View with Lara Trump\u00a0sur Fox News, mais \u00e9galement \u00e0 travers notamment, une collection sportswear.<\/p>\n<p class=\"asset asset-text\">Cette collaboration de Gims avec une star internationale n\u2019est en revanche pas la premi\u00e8re. En 2018\u00a0sur le titre Corazon, il chantait avec Lil Wayne et French Montana. Dans la chanson Je te pardonne sortie en 2015, c\u2019est avec la superstar australienne Sia qu\u2019il chantait en duo. Comme l\u2019affirme son producteur \u00e0 nos confr\u00e8res, cette nouvelle collaboration vient nourrir l\u2019ambition du chanteur de s\u2019imposer un peu plus sur la sc\u00e8ne internationale. Et elle pourrait porter ses fruits, au moins aupr\u00e8s des trumpistes.<\/p>\n","protected":false},"excerpt":{"rendered":"David Wolff &#8211; Patrick \/ Redferns Le chanteur Gims au Stade de France le 28\u00a0septembre 2019\u00a0(photo d\u2019illustration) MUSIQUE&hellip;\n","protected":false},"author":2,"featured_media":263857,"comment_status":"","ping_status":"","sticky":false,"template":"","format":"standard","meta":{"footnotes":""},"categories":[1355],"tags":[251,58,75,59,1011,27,13444,1361,873],"class_list":{"0":"post-263856","1":"post","2":"type-post","3":"status-publish","4":"format-standard","5":"has-post-thumbnail","7":"category-musique","8":"tag-culture","9":"tag-divertissement","10":"tag-donald-trump","11":"tag-entertainment","12":"tag-fr","13":"tag-france","14":"tag-gims","15":"tag-music","16":"tag-musique"},"share_on_mastodon":{"url":"https:\/\/pubeurope.com\/@fr\/114892407096288541","error":""},"_links":{"self":[{"href":"https:\/\/www.europesays.com\/fr\/wp-json\/wp\/v2\/posts\/263856","targetHints":{"allow":["GET"]}}],"collection":[{"href":"https:\/\/www.europesays.com\/fr\/wp-json\/wp\/v2\/posts"}],"about":[{"href":"https:\/\/www.europesays.com\/fr\/wp-json\/wp\/v2\/types\/post"}],"author":[{"embeddable":true,"href":"https:\/\/www.europesays.com\/fr\/wp-json\/wp\/v2\/users\/2"}],"replies":[{"embeddable":true,"href":"https:\/\/www.europesays.com\/fr\/wp-json\/wp\/v2\/comments?post=263856"}],"version-history":[{"count":0,"href":"https:\/\/www.europesays.com\/fr\/wp-json\/wp\/v2\/posts\/263856\/revisions"}],"wp:featuredmedia":[{"embeddable":true,"href":"https:\/\/www.europesays.com\/fr\/wp-json\/wp\/v2\/media\/263857"}],"wp:attachment":[{"href":"https:\/\/www.europesays.com\/fr\/wp-json\/wp\/v2\/media?parent=263856"}],"wp:term":[{"taxonomy":"category","embeddable":true,"href":"https:\/\/www.europesays.com\/fr\/wp-json\/wp\/v2\/categories?post=263856"},{"taxonomy":"post_tag","embeddable":true,"href":"https:\/\/www.europesays.com\/fr\/wp-json\/wp\/v2\/tags?post=263856"}],"curies":[{"name":"wp","href":"https:\/\/api.w.org\/{rel}","templated":true}]}}