{"id":263858,"date":"2025-07-21T17:29:33","date_gmt":"2025-07-21T17:29:33","guid":{"rendered":"https:\/\/www.europesays.com\/fr\/263858\/"},"modified":"2025-07-21T17:29:33","modified_gmt":"2025-07-21T17:29:33","slug":"les-images-dingues-de-la-bande-annonce-sur-une-musique-de-nin","status":"publish","type":"post","link":"https:\/\/www.europesays.com\/fr\/263858\/","title":{"rendered":"les images dingues de la bande-annonce sur une musique de NiN"},"content":{"rendered":"<p>En 1982, Steven Lisberger allait r\u00e9volutionner le cin\u00e9ma sans pour autant faire frissonner le box\u2011office, c\u2019est le moins qu\u2019on puisse dire. Tron, \u00e0 d\u00e9faut d\u2019\u00eatre un succ\u00e8s, fut une v\u00e9ritable plong\u00e9e dans un monde virtuel, une gageure pour l\u2019\u00e9poque. Pr\u00e9curseur, il explorait le th\u00e8me de l&rsquo;intelligence artificielle et de ses d\u00e9rives, dans la lign\u00e9e d\u2019un <a href=\"https:\/\/www.avcesar.com\/critique\/2001-l-odyssee-de-l-espace-6139\" target=\"_blank\" rel=\"noopener\">2001, l\u2019odyss\u00e9e de\u00a0l\u2019espace<\/a>.<\/p>\n<p>Mais c\u2019\u00e9tait surtout le premier film dont la conception fut assist\u00e9e par ordinateur, du moins pour la plus grande partie de ses sc\u00e8nes d\u2019action. Une premi\u00e8re qui conf\u00e9ra \u00e0 Tron\u00a0le statut de film culte pour la plupart des geeks du monde entier, qui lui vouaient un culte d\u00e9passant s\u00fbrement ses\u00a0qualit\u00e9s.<\/p>\n<p>\u00a0<\/p>\n<p><img decoding=\"async\" src=\"https:\/\/www.europesays.com\/fr\/wp-content\/uploads\/2025\/07\/tron-ares-les-images-dingues-de-la-bande-annonce-sur-une-musique-de-nin_0719092.jpg\" alt=\"\" width=\"1600\" height=\"2371\" loading=\"lazy\"\/><img decoding=\"async\" src=\"https:\/\/www.europesays.com\/fr\/wp-content\/uploads\/2025\/07\/1753118973_966_2.jpg\" alt=\"\" width=\"750\" height=\"1111\" loading=\"lazy\"\/><br \/>\n<br \/>Apr\u00e8s\u00a0Daft Punk, Tron s&rsquo;offre\u00a0Nine Inch Nails<\/p>\n<p>Pr\u00e8s de trente ans aptes sa sortie, la plupart de ses m\u00eames geeks avaient pris le contr\u00f4le de Hollywood et logiquement une suite fut mise en chantier\u00a0:\u00a0<a href=\"https:\/\/www.avcesar.com\/critique\/tron-l-heritage-3d-1912\" target=\"_blank\" rel=\"noopener\">Tron l\u2019h\u00e9ritage<\/a> (2010), r\u00e9alis\u00e9 par Joseph Kosinski avec une bande originale compos\u00e9e par Daft Punk. Le film fut un succ\u00e8s commercial ind\u00e9niable au point qu\u2019une s\u00e9rie anim\u00e9e (Tron\u00a0: la r\u00e9volte) fut lanc\u00e9e, puis un nouveau\u00a0film.<\/p>\n<p>En octobre prochain, le troisi\u00e8me volet de la franchise, Tron\u00a0: Ares, r\u00e9alis\u00e9 par Joachim R\u00f8nning, sortira donc sur les \u00e9crans. Si l\u2019histoire est encore assez secr\u00e8te, la bande\u2011annonce promet visiblement un film qui explosera et les r\u00e9tines et les tympans. Le groupe culte Nine Inch Nails (Trent Reznor et Atticus Ross) a en effet compos\u00e9 la musique du film, la premi\u00e8re BO de film officiellement sign\u00e9e par le\u00a0groupe.\u00a0<\/p>\n","protected":false},"excerpt":{"rendered":"En 1982, Steven Lisberger allait r\u00e9volutionner le cin\u00e9ma sans pour autant faire frissonner le box\u2011office, c\u2019est le moins&hellip;\n","protected":false},"author":2,"featured_media":263859,"comment_status":"","ping_status":"","sticky":false,"template":"","format":"standard","meta":{"footnotes":""},"categories":[1354],"tags":[1409,650,40327,58,59,1346,1011,27,861,5100,1360,5099,5104,8480,8481],"class_list":{"0":"post-263858","1":"post","2":"type-post","3":"status-publish","4":"format-standard","5":"has-post-thumbnail","7":"category-films","8":"tag-bande-annonce","9":"tag-cinema","10":"tag-daft-punk","11":"tag-divertissement","12":"tag-entertainment","13":"tag-films","14":"tag-fr","15":"tag-france","16":"tag-ia","17":"tag-joachim-ronning","18":"tag-movies","19":"tag-nine-inch-nails","20":"tag-suite","21":"tag-tron","22":"tag-tron-ares"},"share_on_mastodon":{"url":"https:\/\/pubeurope.com\/@fr\/114892411023482219","error":""},"_links":{"self":[{"href":"https:\/\/www.europesays.com\/fr\/wp-json\/wp\/v2\/posts\/263858","targetHints":{"allow":["GET"]}}],"collection":[{"href":"https:\/\/www.europesays.com\/fr\/wp-json\/wp\/v2\/posts"}],"about":[{"href":"https:\/\/www.europesays.com\/fr\/wp-json\/wp\/v2\/types\/post"}],"author":[{"embeddable":true,"href":"https:\/\/www.europesays.com\/fr\/wp-json\/wp\/v2\/users\/2"}],"replies":[{"embeddable":true,"href":"https:\/\/www.europesays.com\/fr\/wp-json\/wp\/v2\/comments?post=263858"}],"version-history":[{"count":0,"href":"https:\/\/www.europesays.com\/fr\/wp-json\/wp\/v2\/posts\/263858\/revisions"}],"wp:featuredmedia":[{"embeddable":true,"href":"https:\/\/www.europesays.com\/fr\/wp-json\/wp\/v2\/media\/263859"}],"wp:attachment":[{"href":"https:\/\/www.europesays.com\/fr\/wp-json\/wp\/v2\/media?parent=263858"}],"wp:term":[{"taxonomy":"category","embeddable":true,"href":"https:\/\/www.europesays.com\/fr\/wp-json\/wp\/v2\/categories?post=263858"},{"taxonomy":"post_tag","embeddable":true,"href":"https:\/\/www.europesays.com\/fr\/wp-json\/wp\/v2\/tags?post=263858"}],"curies":[{"name":"wp","href":"https:\/\/api.w.org\/{rel}","templated":true}]}}