{"id":263860,"date":"2025-07-21T17:30:09","date_gmt":"2025-07-21T17:30:09","guid":{"rendered":"https:\/\/www.europesays.com\/fr\/263860\/"},"modified":"2025-07-21T17:30:09","modified_gmt":"2025-07-21T17:30:09","slug":"pourquoi-vous-vous-reveillez-toujours-entre-3h-et-5h-du-matin-la-vraie-explication","status":"publish","type":"post","link":"https:\/\/www.europesays.com\/fr\/263860\/","title":{"rendered":"Pourquoi vous vous r\u00e9veillez toujours entre 3h et 5h du matin : la vraie explication"},"content":{"rendered":"<p class=\"chapo\">De nombreuses personnes se r\u00e9veillent r\u00e9guli\u00e8rement entre 3 et 5 heures du matin, souvent sans comprendre pourquoi. Cette interruption du sommeil intrigue autant qu\u2019elle inqui\u00e8te, poussant \u00e0 s\u2019interroger sur ses causes r\u00e9elles et ses implications pour la sant\u00e9.<\/p>\n<p>Tl;dr<\/p>\n<ul>\n<li>R\u00e9veils entre 3h et 5h : souvent li\u00e9s au stress.<\/li>\n<li>P\u00e9riode associ\u00e9e \u00e0 des perturbations du rythme circadien.<\/li>\n<li>Des solutions existent pour retrouver un sommeil r\u00e9parateur.<\/li>\n<\/ul>\n<p>L\u2019\u00e9nigme des r\u00e9veils pr\u00e9coces\u00a0: entre mythes nordiques et science moderne<\/p>\n<p>Il arrive \u00e0 beaucoup, parfois sans pr\u00e9venir\u00a0: ouvrir les yeux entre 3\u00a0h et 5\u00a0h du matin, incapable de se rendormir. Ce ph\u00e9nom\u00e8ne, bien loin d\u2019\u00eatre anodin, fascine autant qu\u2019il inqui\u00e8te. Les sp\u00e9cialistes du sommeil et de la psychologie \u00e9voquent plusieurs explications, allant des tensions psychologiques aux <a href=\"https:\/\/www.24matins.fr\/cette-habitude-de-sommeil-pourrait-augmenter-vos-chances-de-vieillir-en-bonne-sante-de-18-revele-une-etude-1382919\" target=\"_blank\" rel=\"noopener nofollow\">d\u00e9r\u00e8glements du rythme circadien<\/a>. Mais ce cr\u00e9neau horaire intrigue aussi depuis des si\u00e8cles.<\/p>\n<p>L\u2019\u00ab\u00a0heure du loup\u00a0\u00bb\u00a0: quand le folklore rejoint la r\u00e9alit\u00e9 nocturne<\/p>\n<p>Les traditions nordiques accordent une place singuli\u00e8re \u00e0 cette tranche nocturne, surnomm\u00e9e l\u2019<strong>\u00ab\u00a0heure du loup\u00a0\u00bb<\/strong>. Popularis\u00e9e par le cin\u00e9aste su\u00e9dois Ingmar Bergman, elle symbolise, selon ses propres mots, \u00ab le moment o\u00f9 la plupart meurent, o\u00f9 le sommeil est le plus profond et les cauchemars les plus vivaces\u00bb.<\/p>\n<p>Bien que ces r\u00e9cits \u00e9voquent esprits et d\u00e9mons \u2014 parent\u00e9s avec nos concepts occidentaux comme \u00abl\u2019heure des sorci\u00e8res\u00bb \u2014 il reste ind\u00e9niable que ces r\u00e9veils plongent souvent dans un malaise particulier, une solitude profonde ou une anxi\u00e9t\u00e9 diffuse.<\/p>\n<p>Coup de projecteur sur notre corps \u00e0 l\u2019aube<\/p>\n<p>Pourquoi cet intervalle est-il si propice aux r\u00e9veils impromptus\u2009? Sur le plan biologique, c\u2019est la p\u00e9riode o\u00f9 le corps atteint son point bas\u00a0: temp\u00e9rature en chute libre, tension art\u00e9rielle minimale, m\u00e9tabolisme ralenti. Ce sont normalement les heures de <strong>sommeil r\u00e9parateur<\/strong>.<\/p>\n<p>Pourtant, un esprit agit\u00e9 ou un organisme sous pression peuvent transformer ce repos en v\u00e9ritable champ de bataille int\u00e9rieure. Le moindre bruit ou une pens\u00e9e intrusive peut suffire \u00e0 interrompre ce fragile \u00e9quilibre.<\/p>\n<p>Stress nocturne : comprendre et agir<\/p>\n<p>Nos vies hyperconnect\u00e9es laissent peu de r\u00e9pit \u00e0 nos esprits. Les soucis professionnels ou personnels s\u2019invitent jusque dans notre inconscient. Ce flux d\u2019informations constant surcharge notre syst\u00e8me nerveux \u2014 provoquant parfois ces r\u00e9veils persistants au petit matin. Certains psychologues y voient m\u00eame un signal d\u2019alarme inconscient face \u00e0 un trop-plein \u00e9motionnel ou une anxi\u00e9t\u00e9 latente.<\/p>\n<p>Face \u00e0 cela, quelques gestes simples peuvent aider \u00e0 retrouver un sommeil paisible\u00a0:<\/p>\n<ul>\n<li>\u00c9crire ses pr\u00e9occupations avant de dormir all\u00e8ge l\u2019esprit.<\/li>\n<li>M\u00e9ditation ou respiration profonde apaisent tensions et pens\u00e9es envahissantes.<\/li>\n<li>S\u2019\u00e9loigner des \u00e9crans au moins une heure avant le coucher stabilise l\u2019<strong>horloge interne<\/strong>.<\/li>\n<\/ul>\n<p>Toutefois, si ces r\u00e9veils deviennent r\u00e9guliers et affectent humeur ou \u00e9nergie quotidienne, il serait judicieux de consulter un professionnel de sant\u00e9. Car derri\u00e8re ce trouble apparemment banal peuvent se cacher des causes plus profondes telles qu\u2019un trouble anxieux, une d\u00e9pression ou encore des variations hormonales majeures. Bref, derri\u00e8re chaque insomnie matinale pourrait se dissimuler une part m\u00e9connue de nous-m\u00eames \u2013 et c\u2019est peut-\u00eatre l\u00e0 que tout commence vraiment.<\/p>\n","protected":false},"excerpt":{"rendered":"De nombreuses personnes se r\u00e9veillent r\u00e9guli\u00e8rement entre 3 et 5 heures du matin, souvent sans comprendre pourquoi. Cette&hellip;\n","protected":false},"author":2,"featured_media":263861,"comment_status":"","ping_status":"","sticky":false,"template":"","format":"standard","meta":{"footnotes":""},"categories":[10],"tags":[1011,27,72,71],"class_list":{"0":"post-263860","1":"post","2":"type-post","3":"status-publish","4":"format-standard","5":"has-post-thumbnail","7":"category-sante","8":"tag-fr","9":"tag-france","10":"tag-health","11":"tag-sante"},"share_on_mastodon":{"url":"https:\/\/pubeurope.com\/@fr\/114892414929589649","error":""},"_links":{"self":[{"href":"https:\/\/www.europesays.com\/fr\/wp-json\/wp\/v2\/posts\/263860","targetHints":{"allow":["GET"]}}],"collection":[{"href":"https:\/\/www.europesays.com\/fr\/wp-json\/wp\/v2\/posts"}],"about":[{"href":"https:\/\/www.europesays.com\/fr\/wp-json\/wp\/v2\/types\/post"}],"author":[{"embeddable":true,"href":"https:\/\/www.europesays.com\/fr\/wp-json\/wp\/v2\/users\/2"}],"replies":[{"embeddable":true,"href":"https:\/\/www.europesays.com\/fr\/wp-json\/wp\/v2\/comments?post=263860"}],"version-history":[{"count":0,"href":"https:\/\/www.europesays.com\/fr\/wp-json\/wp\/v2\/posts\/263860\/revisions"}],"wp:featuredmedia":[{"embeddable":true,"href":"https:\/\/www.europesays.com\/fr\/wp-json\/wp\/v2\/media\/263861"}],"wp:attachment":[{"href":"https:\/\/www.europesays.com\/fr\/wp-json\/wp\/v2\/media?parent=263860"}],"wp:term":[{"taxonomy":"category","embeddable":true,"href":"https:\/\/www.europesays.com\/fr\/wp-json\/wp\/v2\/categories?post=263860"},{"taxonomy":"post_tag","embeddable":true,"href":"https:\/\/www.europesays.com\/fr\/wp-json\/wp\/v2\/tags?post=263860"}],"curies":[{"name":"wp","href":"https:\/\/api.w.org\/{rel}","templated":true}]}}