{"id":263872,"date":"2025-07-21T17:36:12","date_gmt":"2025-07-21T17:36:12","guid":{"rendered":"https:\/\/www.europesays.com\/fr\/263872\/"},"modified":"2025-07-21T17:36:12","modified_gmt":"2025-07-21T17:36:12","slug":"une-tornade-a-frappe-laeroport-de-tours-ce-lundi-21-juillet","status":"publish","type":"post","link":"https:\/\/www.europesays.com\/fr\/263872\/","title":{"rendered":"Une tornade a frapp\u00e9 l\u2019a\u00e9roport de Tours ce lundi 21 juillet"},"content":{"rendered":"<p>\u00ab\u00a0Oh la vache \u00e7a tourne\u00a0! C\u2019est une tornade\u00a0!\u00a0\u00bb Depuis la tour de contr\u00f4le, les employ\u00e9s de l\u2019a\u00e9roport de Tours sont rest\u00e9s estomaqu\u00e9s devant l\u2019arriv\u00e9e d\u2019une tornade ce lundi 21\u00a0juillet 2025, \u00e0 10\u00a0h\u00a023.<\/p>\n<p>\u00ab\u00a0Elle a pris naissance au niveau de l\u2019a\u00e9roport puis s\u2019est dirig\u00e9e vers Rochecorbon et Mosnes\u00a0\u00bb, confirme\u00a0Olivier Renard, pr\u00e9sident de l\u2019association M\u00e9t\u00e9o Centre. \u00ab\u00a0On a observ\u00e9 des pluies tr\u00e8s intenses ce matin avec un ph\u00e9nom\u00e8ne tornadique.\u00a0\u00bb<\/p>\n<p>Le trafic n\u2019a pas \u00e9t\u00e9 perturb\u00e9 \u00e0 l\u2019a\u00e9roport de <a target=\"_blank\" href=\"https:\/\/www.lanouvellerepublique.fr\/tours\" rel=\"nofollow noopener\">Tours, <\/a>malgr\u00e9 la chute d\u2019un arbre. Des d\u00e9g\u00e2ts ont \u00e9t\u00e9 constat\u00e9s \u00e0 Rochecorbon, o\u00f9 les toitures d\u2019au moins six maisons ont \u00e9t\u00e9 endommag\u00e9es.<\/p>\n<p>Plusieurs habitations ont \u00e9galement \u00e9t\u00e9 touch\u00e9es dans le quartier Champ-Long, \u00e0 Rochecorbon. Une quinzaine de sapeurs-pompiers sont intervenus pour s\u00e9curiser les toits de 6 habitations, dont 2 ont \u00e9t\u00e9 plus durement touch\u00e9es par le passage de la tornade.<\/p>\n<p><img alt=\"Six habitations de Rochecorbon ont \u00e9t\u00e9 touch\u00e9es par la tornade qui a frapp\u00e9 l\u2019a\u00e9roport et le nord de Tours dans la matin\u00e9e du 21\u00a0juillet 2025.\" loading=\"lazy\" width=\"980\" height=\"573\" decoding=\"async\" data-nimg=\"1\" class=\"img-responsive spinner-show\" style=\"color:transparent;background-size:cover;background-position:50% 50%;background-repeat:no-repeat;background-image:url(&quot;data:image\/svg+xml;charset=utf-8,%3Csvg xmlns='http:\/\/www.w3.org\/2000\/svg' viewBox='0 0 980 573'%3E%3Cfilter id='b' color-interpolation-filters='sRGB'%3E%3CfeGaussianBlur stdDeviation='20'\/%3E%3CfeColorMatrix values='1 0 0 0 0 0 1 0 0 0 0 0 1 0 0 0 0 0 100 -1' result='s'\/%3E%3CfeFlood x='0' y='0' width='100%25' height='100%25'\/%3E%3CfeComposite operator='out' in='s'\/%3E%3CfeComposite in2='SourceGraphic'\/%3E%3CfeGaussianBlur stdDeviation='20'\/%3E%3C\/filter%3E%3Cimage width='100%25' height='100%25' x='0' y='0' preserveAspectRatio='none' style='filter: url(%23b);' href='https:\/\/images.lanouvellerepublique.fr\/image\/upload\/t_88w\/f_auto\/687e4464dd1b83a0278b45ae.jpg'\/%3E%3C\/svg%3E&quot;)\"   src=\"https:\/\/www.europesays.com\/fr\/wp-content\/uploads\/2025\/07\/687e4464dd1b83a0278b45ae.jpg\"\/><\/p>\n<p style=\"background-color:#F2F2F2;padding:5px;margin-top:0px;margin-bottom:10px\">Six habitations de Rochecorbon ont \u00e9t\u00e9 touch\u00e9es par la tornade qui a frapp\u00e9 l\u2019a\u00e9roport et le nord de Tours dans la matin\u00e9e du 21\u00a0juillet 2025.<br \/> \u00a9 Photo NR, Julien Pruvost<\/p>\n<p>D\u2019apr\u00e8s le maire de Rochecorbon, Emmanuel Dum\u00e9nil, la tornade aurait ensuite continu\u00e9 sa route vers le nord de la commune, en passant par le domaine de la Valini\u00e8re, o\u00f9 un arbre est tomb\u00e9 sur une ligne \u00e9lectrique. \u00ab\u00a0Les agents d\u2019Enedis sont d\u2019ores et d\u00e9j\u00e0 \u00e0 pied d\u2019\u0153uvre\u00a0\u00bb, indique-t-il.<\/p><\/p>\n","protected":false},"excerpt":{"rendered":"\u00ab\u00a0Oh la vache \u00e7a tourne\u00a0! C\u2019est une tornade\u00a0!\u00a0\u00bb Depuis la tour de contr\u00f4le, les employ\u00e9s de l\u2019a\u00e9roport de&hellip;\n","protected":false},"author":2,"featured_media":263873,"comment_status":"","ping_status":"","sticky":false,"template":"","format":"standard","meta":{"footnotes":""},"categories":[4],"tags":[328,1392,11,436,274,1011,27,329,2487,12,25,1390],"class_list":{"0":"post-263872","1":"post","2":"type-post","3":"status-publish","4":"format-standard","5":"has-post-thumbnail","7":"category-france","8":"tag-a-la-une","9":"tag-a-la-une-local","10":"tag-actualites","11":"tag-environnement","12":"tag-faits-divers-justice","13":"tag-fr","14":"tag-france","15":"tag-france-monde","16":"tag-meteo","17":"tag-news","18":"tag-republique-francaise","19":"tag-tours"},"share_on_mastodon":{"url":"https:\/\/pubeurope.com\/@fr\/114892438494883690","error":""},"_links":{"self":[{"href":"https:\/\/www.europesays.com\/fr\/wp-json\/wp\/v2\/posts\/263872","targetHints":{"allow":["GET"]}}],"collection":[{"href":"https:\/\/www.europesays.com\/fr\/wp-json\/wp\/v2\/posts"}],"about":[{"href":"https:\/\/www.europesays.com\/fr\/wp-json\/wp\/v2\/types\/post"}],"author":[{"embeddable":true,"href":"https:\/\/www.europesays.com\/fr\/wp-json\/wp\/v2\/users\/2"}],"replies":[{"embeddable":true,"href":"https:\/\/www.europesays.com\/fr\/wp-json\/wp\/v2\/comments?post=263872"}],"version-history":[{"count":0,"href":"https:\/\/www.europesays.com\/fr\/wp-json\/wp\/v2\/posts\/263872\/revisions"}],"wp:featuredmedia":[{"embeddable":true,"href":"https:\/\/www.europesays.com\/fr\/wp-json\/wp\/v2\/media\/263873"}],"wp:attachment":[{"href":"https:\/\/www.europesays.com\/fr\/wp-json\/wp\/v2\/media?parent=263872"}],"wp:term":[{"taxonomy":"category","embeddable":true,"href":"https:\/\/www.europesays.com\/fr\/wp-json\/wp\/v2\/categories?post=263872"},{"taxonomy":"post_tag","embeddable":true,"href":"https:\/\/www.europesays.com\/fr\/wp-json\/wp\/v2\/tags?post=263872"}],"curies":[{"name":"wp","href":"https:\/\/api.w.org\/{rel}","templated":true}]}}