{"id":263875,"date":"2025-07-21T17:38:12","date_gmt":"2025-07-21T17:38:12","guid":{"rendered":"https:\/\/www.europesays.com\/fr\/263875\/"},"modified":"2025-07-21T17:38:12","modified_gmt":"2025-07-21T17:38:12","slug":"saint-etienne-jazz-au-sommet-embarquera-le-public-du-4-au-14-septembre","status":"publish","type":"post","link":"https:\/\/www.europesays.com\/fr\/263875\/","title":{"rendered":"Saint-\u00c9tienne. Jazz au Sommet\u00a0embarquera le public du 4 au 14\u00a0septembre"},"content":{"rendered":"<p>Il peut sembler incongru qu\u2019au d\u00e9tour d\u2019une sapini\u00e8re ou d\u2019un verger gorg\u00e9 de fruits, on se mette \u00e0 entendre des notes bleues. C\u2019est pourtant ce qui se passe chaque automne au c\u0153ur du parc r\u00e9gional du Pilat, gr\u00e2ce au festival \u00ab\u00a0Jazz au Sommet\u00a0\u00bb.<\/p>\n<p>Une programmation qui fait voyager<\/p>\n<p>Comme son nom l\u2019indique, il y est question de jazz, mais aussi d\u2019une alchimie audacieuse entre un territoire, des lieux atypiques et des populations diverses. L\u2019id\u00e9e est belle mais ne serait pas possible si l\u2019\u00e9quipe des b\u00e9n\u00e9voles n\u2019allait pas d\u00e9nicher,&#8230;<\/p>\n","protected":false},"excerpt":{"rendered":"Il peut sembler incongru qu\u2019au d\u00e9tour d\u2019une sapini\u00e8re ou d\u2019un verger gorg\u00e9 de fruits, on se mette \u00e0&hellip;\n","protected":false},"author":2,"featured_media":263876,"comment_status":"","ping_status":"","sticky":false,"template":"","format":"standard","meta":{"footnotes":""},"categories":[9653],"tags":[1111,11,2430,1687,7539,1777,674,1011,27,873,12,25,4001,7538],"class_list":{"0":"post-263875","1":"post","2":"type-post","3":"status-publish","4":"format-standard","5":"has-post-thumbnail","7":"category-saint-etienne","8":"tag-actu","9":"tag-actualites","10":"tag-auvergne-rhone-alpes","11":"tag-culture-loisirs","12":"tag-edition-loire-sud","13":"tag-eu","14":"tag-europe","15":"tag-fr","16":"tag-france","17":"tag-musique","18":"tag-news","19":"tag-republique-francaise","20":"tag-saint-etienne","21":"tag-saint-etienne-ville"},"share_on_mastodon":{"url":"https:\/\/pubeurope.com\/@fr\/114892446330212745","error":""},"_links":{"self":[{"href":"https:\/\/www.europesays.com\/fr\/wp-json\/wp\/v2\/posts\/263875","targetHints":{"allow":["GET"]}}],"collection":[{"href":"https:\/\/www.europesays.com\/fr\/wp-json\/wp\/v2\/posts"}],"about":[{"href":"https:\/\/www.europesays.com\/fr\/wp-json\/wp\/v2\/types\/post"}],"author":[{"embeddable":true,"href":"https:\/\/www.europesays.com\/fr\/wp-json\/wp\/v2\/users\/2"}],"replies":[{"embeddable":true,"href":"https:\/\/www.europesays.com\/fr\/wp-json\/wp\/v2\/comments?post=263875"}],"version-history":[{"count":0,"href":"https:\/\/www.europesays.com\/fr\/wp-json\/wp\/v2\/posts\/263875\/revisions"}],"wp:featuredmedia":[{"embeddable":true,"href":"https:\/\/www.europesays.com\/fr\/wp-json\/wp\/v2\/media\/263876"}],"wp:attachment":[{"href":"https:\/\/www.europesays.com\/fr\/wp-json\/wp\/v2\/media?parent=263875"}],"wp:term":[{"taxonomy":"category","embeddable":true,"href":"https:\/\/www.europesays.com\/fr\/wp-json\/wp\/v2\/categories?post=263875"},{"taxonomy":"post_tag","embeddable":true,"href":"https:\/\/www.europesays.com\/fr\/wp-json\/wp\/v2\/tags?post=263875"}],"curies":[{"name":"wp","href":"https:\/\/api.w.org\/{rel}","templated":true}]}}