{"id":263877,"date":"2025-07-21T17:39:09","date_gmt":"2025-07-21T17:39:09","guid":{"rendered":"https:\/\/www.europesays.com\/fr\/263877\/"},"modified":"2025-07-21T17:39:09","modified_gmt":"2025-07-21T17:39:09","slug":"lathletisme-pays-de-lorient-aux-championnats-de-france-a-saint-etienne","status":"publish","type":"post","link":"https:\/\/www.europesays.com\/fr\/263877\/","title":{"rendered":"L\u2019Athl\u00e9tisme pays de L\u2019Orient aux championnats de France \u00e0 Saint-\u00c9tienne"},"content":{"rendered":"<p>De vendredi 18 \u00e0 dimanche 20 juillet 2025, avaient lieu, \u00e0 Saint-\u00c9tienne, les championnats de France \u00ab\u00a0Avenir\u00a0\u00bb regroupant les athl\u00e8tes en U18, U20 et U23. Les six athl\u00e8tes lorientais ont honor\u00e9 leur qualification\u00a0: Ludivine Martel termine 6e fran\u00e7aise et explose son record personnel sur 3\u00a0000 steeple (en 10&rsquo;52\u00a0\u00bb53). Ewen Baraton termine 13e au lancer de poids avec un jet \u00e0 12m75. Maiwenn Raveleau bat son record personnel sur 400 m en 57\u00a0\u00bb49 et termine 17e fran\u00e7aise. Guenhael Guennec, sur 110 m haies, se classe 22e fran\u00e7ais en 14\u00a0\u00bb64. Enfin, sa camarade sur le 100 m haies, Morgane Pillet, se classe 31e en 15\u00a0\u00bb35.<\/p>\n<p>\u00ab\u00a0Ce championnat de France r\u00e9v\u00e8le la diversit\u00e9 et la qualit\u00e9 de la formation puisqu\u2019il y a du lancer, des haies, du steeple. Diamantis en sprint n\u2019a pas pu d\u00e9fendre sa m\u00e9daille de l\u2019an dernier \u00e0 cause d\u2019une blessure. La saison se poursuit la semaine prochaine avec les Open de France, \u00e0 Thonon Les Bains, pour No\u00e9mie Tuffier sur le 400 m et Perrine Bondivenne sur le 400 m haies\u00a0\u00bb, souligne Michel Abgrall, entra\u00eeneur \u00e0 l\u2019Athl\u00e9tisme pays de L\u2019Orient (APL\u2019O).<\/p>\n","protected":false},"excerpt":{"rendered":"De vendredi 18 \u00e0 dimanche 20 juillet 2025, avaient lieu, \u00e0 Saint-\u00c9tienne, les championnats de France \u00ab\u00a0Avenir\u00a0\u00bb regroupant&hellip;\n","protected":false},"author":2,"featured_media":263878,"comment_status":"","ping_status":"","sticky":false,"template":"","format":"standard","meta":{"footnotes":""},"categories":[9653],"tags":[1111,11,4132,2430,1777,674,1011,27,1781,12,25,4001],"class_list":{"0":"post-263877","1":"post","2":"type-post","3":"status-publish","4":"format-standard","5":"has-post-thumbnail","7":"category-saint-etienne","8":"tag-actu","9":"tag-actualites","10":"tag-athletisme","11":"tag-auvergne-rhone-alpes","12":"tag-eu","13":"tag-europe","14":"tag-fr","15":"tag-france","16":"tag-lorient","17":"tag-news","18":"tag-republique-francaise","19":"tag-saint-etienne"},"share_on_mastodon":{"url":"https:\/\/pubeurope.com\/@fr\/114892450273668786","error":""},"_links":{"self":[{"href":"https:\/\/www.europesays.com\/fr\/wp-json\/wp\/v2\/posts\/263877","targetHints":{"allow":["GET"]}}],"collection":[{"href":"https:\/\/www.europesays.com\/fr\/wp-json\/wp\/v2\/posts"}],"about":[{"href":"https:\/\/www.europesays.com\/fr\/wp-json\/wp\/v2\/types\/post"}],"author":[{"embeddable":true,"href":"https:\/\/www.europesays.com\/fr\/wp-json\/wp\/v2\/users\/2"}],"replies":[{"embeddable":true,"href":"https:\/\/www.europesays.com\/fr\/wp-json\/wp\/v2\/comments?post=263877"}],"version-history":[{"count":0,"href":"https:\/\/www.europesays.com\/fr\/wp-json\/wp\/v2\/posts\/263877\/revisions"}],"wp:featuredmedia":[{"embeddable":true,"href":"https:\/\/www.europesays.com\/fr\/wp-json\/wp\/v2\/media\/263878"}],"wp:attachment":[{"href":"https:\/\/www.europesays.com\/fr\/wp-json\/wp\/v2\/media?parent=263877"}],"wp:term":[{"taxonomy":"category","embeddable":true,"href":"https:\/\/www.europesays.com\/fr\/wp-json\/wp\/v2\/categories?post=263877"},{"taxonomy":"post_tag","embeddable":true,"href":"https:\/\/www.europesays.com\/fr\/wp-json\/wp\/v2\/tags?post=263877"}],"curies":[{"name":"wp","href":"https:\/\/api.w.org\/{rel}","templated":true}]}}