{"id":263893,"date":"2025-07-21T17:48:16","date_gmt":"2025-07-21T17:48:16","guid":{"rendered":"https:\/\/www.europesays.com\/fr\/263893\/"},"modified":"2025-07-21T17:48:16","modified_gmt":"2025-07-21T17:48:16","slug":"grenoble-visitez-la-ville-en-compagnie-de-stendhal","status":"publish","type":"post","link":"https:\/\/www.europesays.com\/fr\/263893\/","title":{"rendered":"Grenoble. Visitez la ville en compagnie de Stendhal"},"content":{"rendered":"<p>1838, Henri Beyle, consul de France, connu sous son nom d\u2019auteur Stendhal, est de passage \u00e0 Grenoble, sa ville natale. Il d\u00e9teste la solitude et serait ravi que vous l\u2019accompagniez pendant son tour de red\u00e9couverte de la ville o\u00f9 il \u00e9voquera son enfance et les personnages chers et moins chers qu\u2019il a connus ainsi que la ville qui se modernise\u2026<\/p>\n<p class=\"note\">Samedi 9\u00a0ao\u00fbt de 10\u00a0h\u00a030 \u00e0 12 heures au d\u00e9part de l\u2019office de tourisme de Grenoble. \u00c9galement samedi 27\u00a0septembre de 10\u00a0h\u00a030 \u00e0 12 heures. 6\/9\u20ac.<\/p>\n","protected":false},"excerpt":{"rendered":"1838, Henri Beyle, consul de France, connu sous son nom d\u2019auteur Stendhal, est de passage \u00e0 Grenoble, sa&hellip;\n","protected":false},"author":2,"featured_media":263894,"comment_status":"","ping_status":"","sticky":false,"template":"","format":"standard","meta":{"footnotes":""},"categories":[9566],"tags":[1111,11,2430,7782,1687,112,1777,674,1011,27,2731,2732,108,12,25],"class_list":{"0":"post-263893","1":"post","2":"type-post","3":"status-publish","4":"format-standard","5":"has-post-thumbnail","7":"category-grenoble","8":"tag-actu","9":"tag-actualites","10":"tag-auvergne-rhone-alpes","11":"tag-balades-et-randonnees","12":"tag-culture-loisirs","13":"tag-edition-grenoble-agglomeration","14":"tag-eu","15":"tag-europe","16":"tag-fr","17":"tag-france","18":"tag-grenoble","19":"tag-grenoble-bassin","20":"tag-isere","21":"tag-news","22":"tag-republique-francaise"},"share_on_mastodon":{"url":"https:\/\/pubeurope.com\/@fr\/114892485621081423","error":""},"_links":{"self":[{"href":"https:\/\/www.europesays.com\/fr\/wp-json\/wp\/v2\/posts\/263893","targetHints":{"allow":["GET"]}}],"collection":[{"href":"https:\/\/www.europesays.com\/fr\/wp-json\/wp\/v2\/posts"}],"about":[{"href":"https:\/\/www.europesays.com\/fr\/wp-json\/wp\/v2\/types\/post"}],"author":[{"embeddable":true,"href":"https:\/\/www.europesays.com\/fr\/wp-json\/wp\/v2\/users\/2"}],"replies":[{"embeddable":true,"href":"https:\/\/www.europesays.com\/fr\/wp-json\/wp\/v2\/comments?post=263893"}],"version-history":[{"count":0,"href":"https:\/\/www.europesays.com\/fr\/wp-json\/wp\/v2\/posts\/263893\/revisions"}],"wp:featuredmedia":[{"embeddable":true,"href":"https:\/\/www.europesays.com\/fr\/wp-json\/wp\/v2\/media\/263894"}],"wp:attachment":[{"href":"https:\/\/www.europesays.com\/fr\/wp-json\/wp\/v2\/media?parent=263893"}],"wp:term":[{"taxonomy":"category","embeddable":true,"href":"https:\/\/www.europesays.com\/fr\/wp-json\/wp\/v2\/categories?post=263893"},{"taxonomy":"post_tag","embeddable":true,"href":"https:\/\/www.europesays.com\/fr\/wp-json\/wp\/v2\/tags?post=263893"}],"curies":[{"name":"wp","href":"https:\/\/api.w.org\/{rel}","templated":true}]}}