{"id":263895,"date":"2025-07-21T17:49:27","date_gmt":"2025-07-21T17:49:27","guid":{"rendered":"https:\/\/www.europesays.com\/fr\/263895\/"},"modified":"2025-07-21T17:49:27","modified_gmt":"2025-07-21T17:49:27","slug":"un-individu-interpelle-apres-avoir-blesse-un-homme-a-coups-de-couteau","status":"publish","type":"post","link":"https:\/\/www.europesays.com\/fr\/263895\/","title":{"rendered":"un individu interpell\u00e9 apr\u00e8s avoir bless\u00e9 un homme \u00e0 coups de couteau"},"content":{"rendered":"<p itemprop=\"description\"><strong>Un homme a \u00e9t\u00e9 bless\u00e9 par plusieurs coups de couteau ce dimanche 20 juillet \u00e0 Grenoble. Un suspect a \u00e9t\u00e9 interpell\u00e9.<\/strong><\/p>\n<p>Les faits se sont d\u00e9roul\u00e9s dans le quartier du Village olympique \u00e0 Grenoble ce dimanche 20 juillet aux alentour de 20h30. Un homme de 29 ans a re\u00e7u plusieurs coups de couteau. La victime a \u00e9t\u00e9 imm\u00e9diatement secourue par les sapeurs-pompiers alors qu\u2019il pr\u00e9sentait plusieurs plaies sans gravit\u00e9 \u00e0 une main et au cou. Il a \u00e9t\u00e9 transport\u00e9 au CHU Grenoble.<\/p>\n<p>Peu de temps apr\u00e8s, vers 21h, un suspect a \u00e9t\u00e9 interpell\u00e9 par les services de police. L\u2019homme \u00e2g\u00e9 de 41 ans a \u00e9t\u00e9 plac\u00e9 en garde \u00e0 vue. L\u2019agression semble \u00eatre li\u00e9e \u00e0 un contentieux qui opposait les deux hommes depuis plusieurs semaines.<\/p>\n<p>Une enqu\u00eate est en cours.<\/p>\n","protected":false},"excerpt":{"rendered":"Un homme a \u00e9t\u00e9 bless\u00e9 par plusieurs coups de couteau ce dimanche 20 juillet \u00e0 Grenoble. Un suspect&hellip;\n","protected":false},"author":2,"featured_media":263896,"comment_status":"","ping_status":"","sticky":false,"template":"","format":"standard","meta":{"footnotes":""},"categories":[9566],"tags":[1111,11,2813,2430,1109,251,1112,2811,1777,674,118,1011,27,21780,2731,14004,1922,1110,1114,108,12,316,25,2812,517,800],"class_list":{"0":"post-263895","1":"post","2":"type-post","3":"status-publish","4":"format-standard","5":"has-post-thumbnail","7":"category-grenoble","8":"tag-actu","9":"tag-actualites","10":"tag-article","11":"tag-auvergne-rhone-alpes","12":"tag-breves","13":"tag-culture","14":"tag-depeches","15":"tag-economique","16":"tag-eu","17":"tag-europe","18":"tag-faits-divers","19":"tag-fr","20":"tag-france","21":"tag-gf38","22":"tag-grenoble","23":"tag-grenoblemag","24":"tag-info","25":"tag-informations","26":"tag-infos","27":"tag-isere","28":"tag-news","29":"tag-politique","30":"tag-republique-francaise","31":"tag-sociale","32":"tag-sport","33":"tag-transports"},"share_on_mastodon":{"url":"https:\/\/pubeurope.com\/@fr\/114892489670444835","error":""},"_links":{"self":[{"href":"https:\/\/www.europesays.com\/fr\/wp-json\/wp\/v2\/posts\/263895","targetHints":{"allow":["GET"]}}],"collection":[{"href":"https:\/\/www.europesays.com\/fr\/wp-json\/wp\/v2\/posts"}],"about":[{"href":"https:\/\/www.europesays.com\/fr\/wp-json\/wp\/v2\/types\/post"}],"author":[{"embeddable":true,"href":"https:\/\/www.europesays.com\/fr\/wp-json\/wp\/v2\/users\/2"}],"replies":[{"embeddable":true,"href":"https:\/\/www.europesays.com\/fr\/wp-json\/wp\/v2\/comments?post=263895"}],"version-history":[{"count":0,"href":"https:\/\/www.europesays.com\/fr\/wp-json\/wp\/v2\/posts\/263895\/revisions"}],"wp:featuredmedia":[{"embeddable":true,"href":"https:\/\/www.europesays.com\/fr\/wp-json\/wp\/v2\/media\/263896"}],"wp:attachment":[{"href":"https:\/\/www.europesays.com\/fr\/wp-json\/wp\/v2\/media?parent=263895"}],"wp:term":[{"taxonomy":"category","embeddable":true,"href":"https:\/\/www.europesays.com\/fr\/wp-json\/wp\/v2\/categories?post=263895"},{"taxonomy":"post_tag","embeddable":true,"href":"https:\/\/www.europesays.com\/fr\/wp-json\/wp\/v2\/tags?post=263895"}],"curies":[{"name":"wp","href":"https:\/\/api.w.org\/{rel}","templated":true}]}}