{"id":263900,"date":"2025-07-21T17:52:10","date_gmt":"2025-07-21T17:52:10","guid":{"rendered":"https:\/\/www.europesays.com\/fr\/263900\/"},"modified":"2025-07-21T17:52:10","modified_gmt":"2025-07-21T17:52:10","slug":"strasbourg-un-homme-decede-apres-avoir-ete-percute-par-un-train-de-fret","status":"publish","type":"post","link":"https:\/\/www.europesays.com\/fr\/263900\/","title":{"rendered":"Strasbourg. Un homme d\u00e9c\u00e8de apr\u00e8s avoir \u00e9t\u00e9 percut\u00e9 par un train de fret"},"content":{"rendered":"<p>Un train de marchandise a percut\u00e9 un homme au niveau de l\u2019avenue Racine, \u00e0 l\u2019ouest de Strasbourg, dans le quartier de Cronenbourg, ce lundi 21\u00a0juillet vers 16\u00a0h\u00a005. Une douzaine de pompiers \u00e9taient mobilis\u00e9s, en plus d\u2019une \u00e9quipe du Samu. D\u2019apr\u00e8s les premi\u00e8res constatations de la police, la victime, d\u00e9clar\u00e9e d\u00e9c\u00e9d\u00e9e apr\u00e8s l\u2019arriv\u00e9e des secours, se serait allong\u00e9e sur les voies. Le trafic sur la ligne Oberhausbergen-Illkirch-Graffenstaden a \u00e9t\u00e9 interrompue, mais a repris vers 19h. La SNCF a d\u00e9tourn\u00e9 plusieurs trains de marchandise par un autre itin\u00e9raire.<\/p>\n","protected":false},"excerpt":{"rendered":"Un train de marchandise a percut\u00e9 un homme au niveau de l\u2019avenue Racine, \u00e0 l\u2019ouest de Strasbourg, dans&hellip;\n","protected":false},"author":2,"featured_media":263901,"comment_status":"","ping_status":"","sticky":false,"template":"","format":"standard","meta":{"footnotes":""},"categories":[2820],"tags":[119,1111,11,2389,2649,2880,1777,674,274,107,1011,27,775,12,25,640,2879],"class_list":{"0":"post-263900","1":"post","2":"type-post","3":"status-publish","4":"format-standard","5":"has-post-thumbnail","7":"category-strasbourg","8":"tag-accident","9":"tag-actu","10":"tag-actualites","11":"tag-alsace","12":"tag-bas-rhin","13":"tag-edition-strasbourg","14":"tag-eu","15":"tag-europe","16":"tag-faits-divers-justice","17":"tag-fil-info","18":"tag-fr","19":"tag-france","20":"tag-grand-est","21":"tag-news","22":"tag-republique-francaise","23":"tag-strasbourg","24":"tag-strasbourg-ville"},"share_on_mastodon":{"url":"https:\/\/pubeurope.com\/@fr\/114892501442526842","error":""},"_links":{"self":[{"href":"https:\/\/www.europesays.com\/fr\/wp-json\/wp\/v2\/posts\/263900","targetHints":{"allow":["GET"]}}],"collection":[{"href":"https:\/\/www.europesays.com\/fr\/wp-json\/wp\/v2\/posts"}],"about":[{"href":"https:\/\/www.europesays.com\/fr\/wp-json\/wp\/v2\/types\/post"}],"author":[{"embeddable":true,"href":"https:\/\/www.europesays.com\/fr\/wp-json\/wp\/v2\/users\/2"}],"replies":[{"embeddable":true,"href":"https:\/\/www.europesays.com\/fr\/wp-json\/wp\/v2\/comments?post=263900"}],"version-history":[{"count":0,"href":"https:\/\/www.europesays.com\/fr\/wp-json\/wp\/v2\/posts\/263900\/revisions"}],"wp:featuredmedia":[{"embeddable":true,"href":"https:\/\/www.europesays.com\/fr\/wp-json\/wp\/v2\/media\/263901"}],"wp:attachment":[{"href":"https:\/\/www.europesays.com\/fr\/wp-json\/wp\/v2\/media?parent=263900"}],"wp:term":[{"taxonomy":"category","embeddable":true,"href":"https:\/\/www.europesays.com\/fr\/wp-json\/wp\/v2\/categories?post=263900"},{"taxonomy":"post_tag","embeddable":true,"href":"https:\/\/www.europesays.com\/fr\/wp-json\/wp\/v2\/tags?post=263900"}],"curies":[{"name":"wp","href":"https:\/\/api.w.org\/{rel}","templated":true}]}}