{"id":263908,"date":"2025-07-21T17:56:14","date_gmt":"2025-07-21T17:56:14","guid":{"rendered":"https:\/\/www.europesays.com\/fr\/263908\/"},"modified":"2025-07-21T17:56:14","modified_gmt":"2025-07-21T17:56:14","slug":"deja-condamne-pour-des-delits-routiers-le-conducteur-controle-pres-de-nantes-nechappera-pas-a-la-prison","status":"publish","type":"post","link":"https:\/\/www.europesays.com\/fr\/263908\/","title":{"rendered":"D\u00e9j\u00e0 condamn\u00e9 pour des d\u00e9lits routiers, le conducteur, contr\u00f4l\u00e9 pr\u00e8s de Nantes, n&rsquo;\u00e9chappera pas \u00e0 la prison"},"content":{"rendered":"<p>            Par<br \/>\n        <strong><br \/>\n            <a href=\"https:\/\/actu.fr\/auteur\/laurent-fortin\" title=\"Consulter tous les articles de Laurent Fortin\" target=\"_blank\" rel=\"noopener\">Laurent Fortin<\/a><br \/>\n        <\/strong><\/p>\n<p>        Publi\u00e9 le<\/p>\n<p>            21 juil. 2025 \u00e0 17h52        <\/p>\n<p>Lors de l\u2019audience qui s\u2019est tenue \u00e0<b> Nantes<\/b>, la pr\u00e9sidente <b>du tribunal correctionnel <\/b>avait rappel\u00e9 que le pr\u00e9venu de 51 ans avait d\u00e9j\u00e0 \u00e9t\u00e9 condamn\u00e9 \u00e0 plusieurs reprises pour conduite sans permis, sans assurance et en \u00e9tat d\u2019ivresse. Le tribunal correctionnel d\u2019Angers lui avait d\u2019ailleurs inflig\u00e9 en mars 2025 un an de prison ferme \u00e0 purger \u00e0 l\u2019aide d\u2019un bracelet \u00e9lectronique, bracelet qu\u2019il porte depuis le 27 mai 2025.<\/p>\n<p>Contr\u00f4le d\u2019alcool\u00e9mie positif<\/p>\n<p class=\" wall-content\">Cet employ\u00e9 dans les transports express en contrat \u00e0 dur\u00e9e ind\u00e9termin\u00e9e depuis 25\u00a0ans \u2013 reconnu travailleur handicap\u00e9 en raison de sa surdit\u00e9 \u2013 avait pourtant r\u00e9cidiv\u00e9 quelques semaines apr\u00e8s cette derni\u00e8re condamnation.<\/p>\n<p class=\" wall-content\">Il avait ainsi \u00e9t\u00e9 contr\u00f4l\u00e9 le 3\u00a0mai 2025 \u00e0 bord de la Renault Scenic de sa ni\u00e8ce, \u00e0 l\u2019intersection de deux routes d\u00e9partementales, <a href=\"https:\/\/actu.fr\/pays-de-la-loire\/divatte-sur-loire_44029\" target=\"_blank\" rel=\"noopener\">\u00e0 Divatte-sur-Loire<\/a>.<\/p>\n<p class=\" wall-content\">Ce jour-l\u00e0, les gendarmes l\u2019avaient soumis \u00e0 un <b>contr\u00f4le d\u2019alcool\u00e9mie par \u00e9thylotest qui s\u2019\u00e9tait r\u00e9v\u00e9l\u00e9 positif <\/b>avant de lui demander de se stationner.<\/p>\n<p>\u00ab\u00a0Pris la fuite\u00a0\u00bb<\/p>\n<p class=\" wall-content\">Mais l\u2019homme avait alors \u00ab red\u00e9marr\u00e9 \u00bb et \u00ab pris la fuite \u00bb.<\/p>\n<p class=\" wall-content\">Ses pneus avaient m\u00eame \u00ab criss\u00e9 \u00bb, selon les gendarmes.<\/p>\n<p class=\" wall-content\">Il s\u2019\u00e9tait finalement <b>rendu quelques jours tard et avait reconnu les faits<\/b>.<\/p>\n<p class=\" wall-content\">Il avait \u00ab consomm\u00e9 une bi\u00e8re et deux verres de vin dans un bar \u00bb, avant de prendre le volant en fin d\u2019apr\u00e8s-midi.<\/p>\n<p class=\" wall-content\">Quant au refus d\u2019obtemp\u00e9rer, l\u2019automobiliste a expliqu\u00e9 lors de son proc\u00e8s qu\u2019il venait de \u00ab faire des courses \u00bb, que sa \u00ab maison \u00e9tait ouverte \u00bb et qu\u2019il y avait son \u00ab chat \u00bb chez lui\u2026<\/p>\n<p class=\" wall-content\">Il avait \u00e9galement \u00ab des rendez-vous \u00bb pr\u00e9vus.<\/p>\n<p>D\u00e9j\u00e0 sept condamnations<\/p>\n<p class=\" wall-content\">Reste que le casier judiciaire de ce p\u00e8re de trois enfants<b> portait d\u00e9j\u00e0 trace de sept condamnations<\/b>, souvent li\u00e9es \u00e0 <b>des d\u00e9lits routiers<\/b>.<\/p>\n<p class=\" wall-content\">\u00ab \u00c0 partir de 2014, c\u2019\u00e9tait travail, alcool, dodo \u00bb a-t-il imag\u00e9.<\/p>\n<p class=\" wall-content\">Le<b> procureur de la R\u00e9publique<\/b> avait pour sa part estim\u00e9 qu\u2019il fallait mettre ce pr\u00e9venu \u00ab face \u00e0 ses responsabilit\u00e9s \u00bb.<\/p>\n<p class=\" wall-content\">Il avait en cons\u00e9quence requis quinze mois de prison ferme avec mandat de d\u00e9p\u00f4t \u00e0 effet diff\u00e9r\u00e9, une peine volontairement plus lourde que celle prononc\u00e9e en mars dernier par le tribunal d\u2019Angers.<\/p>\n<p class=\" wall-content\">L\u2019avocat du pr\u00e9venu avait lui rappel\u00e9 \u00ab l\u2019histoire personnelle assez complexe \u00bb de son client et avait propos\u00e9 aux trois juges nantais de prononcer une \u00ab peine mixte \u00bb m\u00ealant prison ferme et prison avec sursis pour cet homme qui n\u2019avait \u00ab jamais \u00e9t\u00e9 incarc\u00e9r\u00e9 \u00bb.<\/p>\n<p>Huit mois de prison ferme<\/p>\n<p class=\" wall-content\">Celui-ci a dit vouloir \u00ab \u00eatre exemplaire pour la soci\u00e9t\u00e9 \u00bb, \u00ab continuer \u00e0 travailler \u00bb et \u00ab s\u2019occuper de ses enfants \u00bb.<\/p>\n<p class=\" wall-content\">Mais le tribunal correctionnel de Nantes l\u2019a finalement condamn\u00e9 \u00e0 huit mois de prison ferme avec mandat de d\u00e9p\u00f4t \u00e0 effet diff\u00e9r\u00e9.<\/p>\n<p class=\" wall-content\">Il a aussi interdiction de conduire tout v\u00e9hicule terrestre \u00e0 moteur pendant deux ans et devra r\u00e9gler une amende contraventionnelle de 200\u00a0\u20ac.<\/p>\n<p class=\" wall-content\">Suivez toute l\u2019actualit\u00e9 de vos villes et m\u00e9dias favoris en vous inscrivant \u00e0 <a href=\"https:\/\/moncompte.actu.fr\" title=\"D\u00e9couvez Mon Actu\" rel=\"nofollow noopener\" data-trk=\"{&quot;cta&quot;:{&quot;action&quot;:&quot;https:\\\/\\\/moncompte.actu.fr&quot;,&quot;category&quot;:&quot;mon compte&quot;,&quot;from&quot;:&quot;article footer&quot;,&quot;name&quot;:&quot;Mon actu&quot;,&quot;type&quot;:&quot;cta&quot;}}\" target=\"_blank\">Mon Actu<\/a>.<\/p>\n<ul class=\"ac-article-tag wall-content\">\n<li><a href=\"https:\/\/actu.fr\/tag\/justice\" data-trk=\"{&quot;cta&quot;:{&quot;action&quot;:&quot;Justice&quot;,&quot;category&quot;:&quot;tag&quot;,&quot;from&quot;:&quot;article footer&quot;,&quot;name&quot;:&quot;Justice&quot;,&quot;type&quot;:&quot;cta&quot;}}\" target=\"_blank\" rel=\"noopener\">#Justice<\/a><\/li>\n<li><a href=\"https:\/\/actu.fr\/tag\/vignoble-nantais\" data-trk=\"{&quot;cta&quot;:{&quot;action&quot;:&quot;Vignoble nantais&quot;,&quot;category&quot;:&quot;tag&quot;,&quot;from&quot;:&quot;article footer&quot;,&quot;name&quot;:&quot;Vignoble nantais&quot;,&quot;type&quot;:&quot;cta&quot;}}\" target=\"_blank\" rel=\"noopener\">#Vignoble nantais<\/a><\/li>\n<\/ul>\n","protected":false},"excerpt":{"rendered":"Par Laurent Fortin Publi\u00e9 le 21 juil. 2025 \u00e0 17h52 Lors de l\u2019audience qui s\u2019est tenue \u00e0 Nantes,&hellip;\n","protected":false},"author":2,"featured_media":263909,"comment_status":"","ping_status":"","sticky":false,"template":"","format":"standard","meta":{"footnotes":""},"categories":[2818],"tags":[1111,11,1777,674,1011,27,303,766,12,2636,25,104,2900],"class_list":{"0":"post-263908","1":"post","2":"type-post","3":"status-publish","4":"format-standard","5":"has-post-thumbnail","7":"category-nantes","8":"tag-actu","9":"tag-actualites","10":"tag-eu","11":"tag-europe","12":"tag-fr","13":"tag-france","14":"tag-justice","15":"tag-nantes","16":"tag-news","17":"tag-pays-de-la-loire","18":"tag-republique-francaise","19":"tag-societe","20":"tag-vignoble-nantais"},"share_on_mastodon":{"url":"https:\/\/pubeurope.com\/@fr\/114892517100396180","error":""},"_links":{"self":[{"href":"https:\/\/www.europesays.com\/fr\/wp-json\/wp\/v2\/posts\/263908","targetHints":{"allow":["GET"]}}],"collection":[{"href":"https:\/\/www.europesays.com\/fr\/wp-json\/wp\/v2\/posts"}],"about":[{"href":"https:\/\/www.europesays.com\/fr\/wp-json\/wp\/v2\/types\/post"}],"author":[{"embeddable":true,"href":"https:\/\/www.europesays.com\/fr\/wp-json\/wp\/v2\/users\/2"}],"replies":[{"embeddable":true,"href":"https:\/\/www.europesays.com\/fr\/wp-json\/wp\/v2\/comments?post=263908"}],"version-history":[{"count":0,"href":"https:\/\/www.europesays.com\/fr\/wp-json\/wp\/v2\/posts\/263908\/revisions"}],"wp:featuredmedia":[{"embeddable":true,"href":"https:\/\/www.europesays.com\/fr\/wp-json\/wp\/v2\/media\/263909"}],"wp:attachment":[{"href":"https:\/\/www.europesays.com\/fr\/wp-json\/wp\/v2\/media?parent=263908"}],"wp:term":[{"taxonomy":"category","embeddable":true,"href":"https:\/\/www.europesays.com\/fr\/wp-json\/wp\/v2\/categories?post=263908"},{"taxonomy":"post_tag","embeddable":true,"href":"https:\/\/www.europesays.com\/fr\/wp-json\/wp\/v2\/tags?post=263908"}],"curies":[{"name":"wp","href":"https:\/\/api.w.org\/{rel}","templated":true}]}}