{"id":263911,"date":"2025-07-21T17:58:10","date_gmt":"2025-07-21T17:58:10","guid":{"rendered":"https:\/\/www.europesays.com\/fr\/263911\/"},"modified":"2025-07-21T17:58:10","modified_gmt":"2025-07-21T17:58:10","slug":"lart-en-vrac-de-retour-a-cenon","status":"publish","type":"post","link":"https:\/\/www.europesays.com\/fr\/263911\/","title":{"rendered":"L\u2019Art en vrac de retour \u00e0 Cenon"},"content":{"rendered":"<p>Le festival L\u2019Art en vrac, organis\u00e9 par l\u2019association Zone d\u2019arts, revient samedi 26\u00a0juillet (de 10\u00a0h \u00e0 minuit) et dimanche 27\u00a0juillet (de 10\u00a0h \u00e0 18\u00a0h), dans le parc de la Grand&rsquo;maison, \u00e0 Cenon-sur-Vienne, avec plus de soixante artistes et performeurs, des concerts et spectacle et une caricaturiste. Ce week-end, des performeurs, cr\u00e9ateurs d\u2019\u0153uvres d\u2019art, artistes de la r\u00e9cu&#8230; <\/p>\n<p>    Cet article a \u00e9t\u00e9 tronqu\u00e9. Abonnez-vous pour lire l&rsquo;article complet sur notre site.<\/p>\n<p style=\"margin: 0 !important; padding: 0 !important; font-size: 12px !important;\">Cet article a \u00e9t\u00e9 tronqu\u00e9. Abonnez-vous pour lire l&rsquo;article complet.<\/p>\n<p>    <a href=\"https:\/\/www.lanouvellerepublique.fr\/abonnements\" style=\"display: inline-block; margin-top: 5px !important; padding: 6px 12px !important; background: #cb1c27; color: white; text-decoration: none; border-radius: 4px; font-size: 12px !important;\" target=\"_blank\" rel=\"noopener\"><br \/>\n      S&rsquo;abonner<br \/>\n    <\/a><\/p>\n","protected":false},"excerpt":{"rendered":"Le festival L\u2019Art en vrac, organis\u00e9 par l\u2019association Zone d\u2019arts, revient samedi 26\u00a0juillet (de 10\u00a0h \u00e0 minuit) et&hellip;\n","protected":false},"author":2,"featured_media":263912,"comment_status":"","ping_status":"","sticky":false,"template":"","format":"standard","meta":{"footnotes":""},"categories":[2817],"tags":[1111,11,1477,1997,40328,1674,1777,674,1349,3337,1011,27,12,2219,25],"class_list":{"0":"post-263911","1":"post","2":"type-post","3":"status-publish","4":"format-standard","5":"has-post-thumbnail","7":"category-bordeaux","8":"tag-actu","9":"tag-actualites","10":"tag-artisanat","11":"tag-bordeaux","12":"tag-cenon-sur-vienne","13":"tag-communes","14":"tag-eu","15":"tag-europe","16":"tag-expositions","17":"tag-festivals","18":"tag-fr","19":"tag-france","20":"tag-news","21":"tag-nouvelle-aquitaine","22":"tag-republique-francaise"},"share_on_mastodon":{"url":"https:\/\/pubeurope.com\/@fr\/114892525112405778","error":""},"_links":{"self":[{"href":"https:\/\/www.europesays.com\/fr\/wp-json\/wp\/v2\/posts\/263911","targetHints":{"allow":["GET"]}}],"collection":[{"href":"https:\/\/www.europesays.com\/fr\/wp-json\/wp\/v2\/posts"}],"about":[{"href":"https:\/\/www.europesays.com\/fr\/wp-json\/wp\/v2\/types\/post"}],"author":[{"embeddable":true,"href":"https:\/\/www.europesays.com\/fr\/wp-json\/wp\/v2\/users\/2"}],"replies":[{"embeddable":true,"href":"https:\/\/www.europesays.com\/fr\/wp-json\/wp\/v2\/comments?post=263911"}],"version-history":[{"count":0,"href":"https:\/\/www.europesays.com\/fr\/wp-json\/wp\/v2\/posts\/263911\/revisions"}],"wp:featuredmedia":[{"embeddable":true,"href":"https:\/\/www.europesays.com\/fr\/wp-json\/wp\/v2\/media\/263912"}],"wp:attachment":[{"href":"https:\/\/www.europesays.com\/fr\/wp-json\/wp\/v2\/media?parent=263911"}],"wp:term":[{"taxonomy":"category","embeddable":true,"href":"https:\/\/www.europesays.com\/fr\/wp-json\/wp\/v2\/categories?post=263911"},{"taxonomy":"post_tag","embeddable":true,"href":"https:\/\/www.europesays.com\/fr\/wp-json\/wp\/v2\/tags?post=263911"}],"curies":[{"name":"wp","href":"https:\/\/api.w.org\/{rel}","templated":true}]}}