{"id":263913,"date":"2025-07-21T17:59:13","date_gmt":"2025-07-21T17:59:13","guid":{"rendered":"https:\/\/www.europesays.com\/fr\/263913\/"},"modified":"2025-07-21T17:59:13","modified_gmt":"2025-07-21T17:59:13","slug":"un-homme-blesse-a-merignac","status":"publish","type":"post","link":"https:\/\/www.europesays.com\/fr\/263913\/","title":{"rendered":"un homme bless\u00e9 \u00e0 M\u00e9rignac"},"content":{"rendered":"<p>            Par<br \/>\n        <strong><br \/>\n            <a href=\"https:\/\/actu.fr\/auteur\/juliette-cardinale\" title=\"Consulter tous les articles de Juliette Cardinale\" target=\"_blank\" rel=\"noopener\">Juliette Cardinale<\/a><br \/>\n        <\/strong><\/p>\n<p>        Publi\u00e9 le<\/p>\n<p>            21 juil. 2025 \u00e0 15h19        <\/p>\n<p>Dans la nuit du 19 au 20\u00a0juillet 2025, la police est intervenue dans une rue non loin de l\u2019a\u00e9roport de <a href=\"https:\/\/actu.fr\/nouvelle-aquitaine\/merignac_33281\" target=\"_blank\" rel=\"noopener\">M\u00e9rignac,<\/a> pr\u00e8s de Bordeaux. Un homme a \u00e9t\u00e9 victime d\u2019une tentative d\u2019enl\u00e8vement, puis d\u2019une <strong>tentative de meurtre,<\/strong> est en mesure de confirmer <a href=\"https:\/\/actu.fr\/bordeaux\/\" target=\"_blank\" rel=\"noopener\">actu Bordeaux<\/a> d\u2019apr\u00e8s une information r\u00e9v\u00e9l\u00e9e par le journal <a href=\"https:\/\/www.sudouest.fr\/gironde\/bordeaux\/j-ai-entendu-trois-coups-et-j-ai-vu-le-massacre-une-fusillade-fait-un-blesse-grave-pres-de-bordeaux-25318026.php?utm_term=facebook&amp;utm_content=photo&amp;utm_campaign=journalsudouest&amp;utm_medium=Social%20Media&amp;utm_source=nonli\" target=\"_blank\" rel=\"noopener\">Sud Ouest.<\/a><\/p>\n<p class=\" wall-content\">Les faits se sont d\u00e9roul\u00e9s dans une r\u00e9sidence HLM de <a href=\"https:\/\/www.google.com\/maps\/place\/Rue+du+Pradinat,+33700+M%C3%A9rignac\/@44.8139668,-0.7403405,13.27z\/data=!4m6!3m5!1s0xd54da4bdb19ec91:0xab1d35c267f3734!8m2!3d44.8158334!4d-0.698756!16s%2Fg%2F11fw068ff2?entry=ttu&amp;g_ep=EgoyMDI1MDcxNi4wIKXMDSoASAFQAw%3D%3D\" target=\"_blank\" rel=\"noopener\">la rue du Pradinat.<\/a>\u00a0\u00ab\u2009La victime, un homme \u00e2g\u00e9 de 30\u00a0ans, \u00e9tait \u00e0 son domicile lorsque plusieurs individus se sont pr\u00e9sent\u00e9s et <strong>ont tent\u00e9 de l\u2019enlever\u2009\u00bb,<\/strong> explique le parquet de Bordeaux ce lundi 21\u00a0juillet.<\/p>\n<p class=\" wall-content\">D\u2019apr\u00e8s les premiers \u00e9l\u00e9ments, le v\u00e9hicule utilis\u00e9 par les agresseurs aurait \u00e9t\u00e9 <strong>vol\u00e9 le jour pr\u00e9c\u00e9dent<\/strong> dans la capitale girondine.<\/p>\n<p>Apr\u00e8s la tentative d\u2019enl\u00e8vement, des tirs<\/p>\n<p class=\" wall-content\">La victime a r\u00e9sist\u00e9, mais \u00e7a n\u2019a pas arr\u00eat\u00e9 les malfaiteurs. <strong>\u00ab\u2009Les agresseurs ont tir\u00e9<\/strong> et l\u2019ont atteint de deux balles dans la cuisse et le tibia sans que son pronostic vital ne soit engag\u00e9\u2009\u00bb, ajoute le parquet.\u00a0D\u2019apr\u00e8s nos confr\u00e8res, les agresseurs ont rapidement pris la fuite.<\/p>\n<p class=\" wall-content\">Une enqu\u00eate \u00ab\u2009des chefs de tentative d\u2019enl\u00e8vement en bande organis\u00e9e, de <strong>tentative de meurtre en bande organis\u00e9e<\/strong> et association de malfaiteurs\u2009\u00bb a \u00e9t\u00e9 ouverte. Elle a \u00e9t\u00e9 confi\u00e9e \u00e0 la division de la criminalit\u00e9 organis\u00e9e de la<a href=\"https:\/\/actu.fr\/tag\/police\" target=\"_blank\" rel=\"noopener\"> DIPN 33.<\/a><\/p>\n<p>Vid\u00e9os : en ce moment sur Actu<\/p>\n<p class=\" wall-content\">Suivez toute l\u2019actualit\u00e9 de vos villes et m\u00e9dias favoris en vous inscrivant \u00e0 <a href=\"https:\/\/moncompte.actu.fr\" title=\"D\u00e9couvez Mon Actu\" rel=\"nofollow noopener\" data-trk=\"{&quot;cta&quot;:{&quot;action&quot;:&quot;https:\\\/\\\/moncompte.actu.fr&quot;,&quot;category&quot;:&quot;mon compte&quot;,&quot;from&quot;:&quot;article footer&quot;,&quot;name&quot;:&quot;Mon actu&quot;,&quot;type&quot;:&quot;cta&quot;}}\" target=\"_blank\">Mon Actu<\/a>.<\/p>\n","protected":false},"excerpt":{"rendered":"Par Juliette Cardinale Publi\u00e9 le 21 juil. 2025 \u00e0 15h19 Dans la nuit du 19 au 20\u00a0juillet 2025,&hellip;\n","protected":false},"author":2,"featured_media":263914,"comment_status":"","ping_status":"","sticky":false,"template":"","format":"standard","meta":{"footnotes":""},"categories":[2817],"tags":[1111,11,1997,11250,1777,674,118,1011,27,777,12,2219,1072,25],"class_list":{"0":"post-263913","1":"post","2":"type-post","3":"status-publish","4":"format-standard","5":"has-post-thumbnail","7":"category-bordeaux","8":"tag-actu","9":"tag-actualites","10":"tag-bordeaux","11":"tag-enlevements","12":"tag-eu","13":"tag-europe","14":"tag-faits-divers","15":"tag-fr","16":"tag-france","17":"tag-meurtre","18":"tag-news","19":"tag-nouvelle-aquitaine","20":"tag-police","21":"tag-republique-francaise"},"share_on_mastodon":{"url":"https:\/\/pubeurope.com\/@fr\/114892529400973497","error":""},"_links":{"self":[{"href":"https:\/\/www.europesays.com\/fr\/wp-json\/wp\/v2\/posts\/263913","targetHints":{"allow":["GET"]}}],"collection":[{"href":"https:\/\/www.europesays.com\/fr\/wp-json\/wp\/v2\/posts"}],"about":[{"href":"https:\/\/www.europesays.com\/fr\/wp-json\/wp\/v2\/types\/post"}],"author":[{"embeddable":true,"href":"https:\/\/www.europesays.com\/fr\/wp-json\/wp\/v2\/users\/2"}],"replies":[{"embeddable":true,"href":"https:\/\/www.europesays.com\/fr\/wp-json\/wp\/v2\/comments?post=263913"}],"version-history":[{"count":0,"href":"https:\/\/www.europesays.com\/fr\/wp-json\/wp\/v2\/posts\/263913\/revisions"}],"wp:featuredmedia":[{"embeddable":true,"href":"https:\/\/www.europesays.com\/fr\/wp-json\/wp\/v2\/media\/263914"}],"wp:attachment":[{"href":"https:\/\/www.europesays.com\/fr\/wp-json\/wp\/v2\/media?parent=263913"}],"wp:term":[{"taxonomy":"category","embeddable":true,"href":"https:\/\/www.europesays.com\/fr\/wp-json\/wp\/v2\/categories?post=263913"},{"taxonomy":"post_tag","embeddable":true,"href":"https:\/\/www.europesays.com\/fr\/wp-json\/wp\/v2\/tags?post=263913"}],"curies":[{"name":"wp","href":"https:\/\/api.w.org\/{rel}","templated":true}]}}